{"id":99861,"date":"2026-03-26T10:50:49","date_gmt":"2026-03-26T08:50:49","guid":{"rendered":"https:\/\/chisinaucentru.md\/?p=99861"},"modified":"2026-03-27T10:54:09","modified_gmt":"2026-03-27T08:54:09","slug":"vicepretorul-participa-la-reuniunea-oficiala-a-administratiilor-publice-din-romania-si-republica-moldova","status":"publish","type":"post","link":"https:\/\/chisinaucentru.md\/en\/vicepretorul-participa-la-reuniunea-oficiala-a-administratiilor-publice-din-romania-si-republica-moldova\/","title":{"rendered":"Vicepretorul particip\u0103 la reuniunea oficial\u0103 a administra\u021biilor publice din Rom\u00e2nia \u0219i Republica Moldova"},"content":{"rendered":"<div class=\"vc_row wpb_row vc_row-fluid dt-default\" style=\"margin-top: 0px;margin-bottom: 0px\"><div class=\"wpb_column vc_column_container vc_col-sm-12\"><div class=\"vc_column-inner\"><div class=\"wpb_wrapper\">\n\t<div class=\"wpb_text_column wpb_content_element\" >\n\t\t<div class=\"wpb_wrapper\">\n\t\t\t<p><span style=\"color: #050505;\"><span style=\"font-family: Times New Roman, serif;\"><span style=\"font-size: large;\"><span lang=\"ro-RO\">Vicepretorul sectorului Centru, Ion Boc\u0219anean, particip\u0103 ast\u0103zi, 26 martie, la reuniunea oficial\u0103 a administra\u021biilor publice din Rom\u00e2nia \u0219i Republica Moldova, eveniment organizat de Centrul de Analiz\u0103 \u0219i Planificare a Dezvolt\u0103rii Regionale \u0219i desf\u0103\u0219urat la Prim\u0103ria comunei Miroslava, jude\u021bul Ia\u0219i, Rom\u00e2nia.<br \/>\n<\/span><\/span><\/span><\/span><\/p>\n<p><span style=\"color: #050505;\"><span style=\"font-family: Times New Roman, serif;\"><span style=\"font-size: large;\"><span lang=\"ro-RO\">Reuniunea are loc \u00een cadrul Programului de interconectare sustenabil\u0103 Rom\u00e2nia-Moldova, implementat prin Programul Interreg NEXT Rom\u00e2nia-Republica Moldova 2021-2027, cu sprijinul Uniunii Europene.<br \/>\n<\/span><\/span><\/span><\/span><\/p>\n<p><span style=\"color: #050505;\"><span style=\"font-family: Times New Roman, serif;\"><span style=\"font-size: large;\"><span lang=\"ro-RO\">\u00cen cadrul evenimentului, reprezentan\u021bii administra\u021biilor publice din Rom\u00e2nia \u0219i Republica Moldova \u00ee\u0219i consolideaz\u0103 parteneriatele institu\u021bionale, prin corelarea ini\u021biativelor existente \u0219i dezvoltarea capacit\u0103\u021bilor economice \u0219i institu\u021bionale aferente, \u00een scopul consolid\u0103rii cooper\u0103rii bilaterale \u0219i al acceler\u0103rii procesului de convergen\u021b\u0103 a Republicii Moldova c\u0103tre spa\u021biul european.<br \/>\n<\/span><\/span><\/span><\/span><\/p>\n\n\t\t<\/div>\n\t<\/div>\n<\/div><\/div><\/div><\/div><div class=\"vc_row wpb_row vc_row-fluid dt-default\" style=\"margin-top: 0px;margin-bottom: 0px\"><div class=\"wpb_column vc_column_container vc_col-sm-12\"><div class=\"vc_column-inner\"><div class=\"wpb_wrapper\">\n<div class=\"vc_grid-container-wrapper vc_clearfix vc_grid-animation-fadeIn\">\n\t<div class=\"vc_grid-container vc_clearfix wpb_content_element vc_media_grid\" data-initial-loading-animation=\"fadeIn\" data-vc-grid-settings=\"{&quot;page_id&quot;:99861,&quot;style&quot;:&quot;all&quot;,&quot;action&quot;:&quot;vc_get_vc_grid_data&quot;,&quot;shortcode_id&quot;:&quot;1774601622537-53ca650598cd24793cec074c38459875-10&quot;,&quot;tag&quot;:&quot;vc_media_grid&quot;}\" data-vc-request=\"https:\/\/chisinaucentru.md\/wp-admin\/admin-ajax.php\" data-vc-post-id=\"99861\" data-vc-public-nonce=\"b0d9fd5a27\">\n\t\t\n\t<\/div>\n<\/div><\/div><\/div><\/div><\/div>","protected":false},"excerpt":{"rendered":"<p>Vicepretorul sectorului Centru, Ion Boc\u0219anean, particip\u0103 ast\u0103zi, 26 martie, la reuniunea oficial\u0103 a administra\u021biilor publice din Rom\u00e2nia \u0219i Republica Moldova, eveniment organizat de Centrul de Analiz\u0103 \u0219i Planificare a Dezvolt\u0103rii Regionale \u0219i desf\u0103\u0219urat la Prim\u0103ria comunei Miroslava, jude\u021bul Ia\u0219i, Rom\u00e2nia. Reuniunea are loc \u00een cadrul Programului de interconectare sustenabil\u0103 Rom\u00e2nia-Moldova, implementat prin Programul Interreg NEXT&hellip;<\/p>","protected":false},"author":1,"featured_media":99863,"comment_status":"open","ping_status":"open","sticky":false,"template":"","format":"standard","meta":[],"categories":[244],"tags":[],"acf":[],"_links":{"self":[{"href":"https:\/\/chisinaucentru.md\/en\/wp-json\/wp\/v2\/posts\/99861"}],"collection":[{"href":"https:\/\/chisinaucentru.md\/en\/wp-json\/wp\/v2\/posts"}],"about":[{"href":"https:\/\/chisinaucentru.md\/en\/wp-json\/wp\/v2\/types\/post"}],"author":[{"embeddable":true,"href":"https:\/\/chisinaucentru.md\/en\/wp-json\/wp\/v2\/users\/1"}],"replies":[{"embeddable":true,"href":"https:\/\/chisinaucentru.md\/en\/wp-json\/wp\/v2\/comments?post=99861"}],"version-history":[{"count":3,"href":"https:\/\/chisinaucentru.md\/en\/wp-json\/wp\/v2\/posts\/99861\/revisions"}],"predecessor-version":[{"id":99866,"href":"https:\/\/chisinaucentru.md\/en\/wp-json\/wp\/v2\/posts\/99861\/revisions\/99866"}],"wp:featuredmedia":[{"embeddable":true,"href":"https:\/\/chisinaucentru.md\/en\/wp-json\/wp\/v2\/media\/99863"}],"wp:attachment":[{"href":"https:\/\/chisinaucentru.md\/en\/wp-json\/wp\/v2\/media?parent=99861"}],"wp:term":[{"taxonomy":"category","embeddable":true,"href":"https:\/\/chisinaucentru.md\/en\/wp-json\/wp\/v2\/categories?post=99861"},{"taxonomy":"post_tag","embeddable":true,"href":"https:\/\/chisinaucentru.md\/en\/wp-json\/wp\/v2\/tags?post=99861"}],"curies":[{"name":"wp","href":"https:\/\/api.w.org\/{rel}","templated":true}]}}