{"id":99353,"date":"2026-03-02T15:13:16","date_gmt":"2026-03-02T13:13:16","guid":{"rendered":"https:\/\/chisinaucentru.md\/?p=99353"},"modified":"2026-03-04T15:16:57","modified_gmt":"2026-03-04T13:16:57","slug":"razboiul-din-transnistria-aduce-astazi-trist-prilej-de-a-rememora-lectiile-trecutului-tarii-noastre","status":"publish","type":"post","link":"https:\/\/chisinaucentru.md\/en\/razboiul-din-transnistria-aduce-astazi-trist-prilej-de-a-rememora-lectiile-trecutului-tarii-noastre\/","title":{"rendered":"R\u0103zboiul din Transnistria aduce ast\u0103zi trist prilej de a rememora lec\u021biile trecutului \u021b\u0103rii noastre"},"content":{"rendered":"<div class=\"vc_row wpb_row vc_row-fluid dt-default\" style=\"margin-top: 0px;margin-bottom: 0px\"><div class=\"wpb_column vc_column_container vc_col-sm-12\"><div class=\"vc_column-inner\"><div class=\"wpb_wrapper\">\n\t<div class=\"wpb_text_column wpb_content_element\" >\n\t\t<div class=\"wpb_wrapper\">\n\t\t\t<p><span style=\"color: #050505;\"><span style=\"font-family: Times New Roman, serif;\"><span style=\"font-size: large;\"><span lang=\"ro-RO\">Poli\u021bi\u0219ti \u0219i voluntari deopotriv\u0103, locuitori ai sectorului Centru, au mers cu arma \u00een m\u00e2n\u0103, risc\u00e2ndu-v\u0103 propriile vie\u021bi, pentru a ap\u0103ra Patria.<br \/>\n<\/span><\/span><\/span><\/span><\/p>\n<p><span style=\"color: #050505;\"><span style=\"font-family: Times New Roman, serif;\"><span style=\"font-size: large;\"><span lang=\"ro-RO\">Pretura sectorului Centru \u00eei comemoreaz\u0103 an de an pe acei eroi care au c\u0103zut pe c\u00e2mpul de lupt\u0103.<br \/>\n<\/span><\/span><\/span><\/span><\/p>\n<p><span style=\"color: #050505;\"><span style=\"font-family: Times New Roman, serif;\"><span style=\"font-size: large;\"><span lang=\"ro-RO\">\u021aine de datoria autorit\u0103\u021bilor s\u0103 aib\u0103 grij\u0103 de familiile celor c\u0103zu\u021bi pentru ap\u0103rarea integrit\u0103\u021bii \u021b\u0103rii.<br \/>\n<\/span><\/span><\/span><\/span><\/p>\n<p><span style=\"color: #050505;\"><span style=\"font-family: Times New Roman, serif;\"><span style=\"font-size: large;\"><span lang=\"ro-RO\">Vadim H\u00eencu, Pretorul sectorului Centru a conferit diplome de onoare combatan\u021bilor \u0219i colete cu produse alimentare tuturor membrilor Asocia\u021biei veteranilor r\u0103zboiului din Transnistria.<br \/>\n<\/span><\/span><\/span><\/span><\/p>\n<p><span style=\"color: #050505;\"><span style=\"font-family: Times New Roman, serif;\"><span style=\"font-size: large;\"><span lang=\"ro-RO\">Municipalitatea acord\u0103 constant asisten\u021ba necesar\u0103 celor peste 100 de participan\u0163i la conflict din sectorul Centru, care \u0219i-au onorat datoria fa\u021b\u0103 de Patrie cu devotament \u0219i curaj.<br \/>\n<\/span><\/span><\/span><\/span><\/p>\n\n\t\t<\/div>\n\t<\/div>\n<\/div><\/div><\/div><\/div><div class=\"vc_row wpb_row vc_row-fluid dt-default\" style=\"margin-top: 0px;margin-bottom: 0px\"><div class=\"wpb_column vc_column_container vc_col-sm-12\"><div class=\"vc_column-inner\"><div class=\"wpb_wrapper\">\n<div class=\"vc_grid-container-wrapper vc_clearfix vc_grid-animation-fadeIn\">\n\t<div class=\"vc_grid-container vc_clearfix wpb_content_element vc_media_grid\" data-initial-loading-animation=\"fadeIn\" data-vc-grid-settings=\"{&quot;page_id&quot;:99353,&quot;style&quot;:&quot;all&quot;,&quot;action&quot;:&quot;vc_get_vc_grid_data&quot;,&quot;shortcode_id&quot;:&quot;1772630074316-207d2aa0e69f8afae61d579d4868fa1b-4&quot;,&quot;tag&quot;:&quot;vc_media_grid&quot;}\" data-vc-request=\"https:\/\/chisinaucentru.md\/wp-admin\/admin-ajax.php\" data-vc-post-id=\"99353\" data-vc-public-nonce=\"b0d9fd5a27\">\n\t\t\n\t<\/div>\n<\/div><\/div><\/div><\/div><\/div>","protected":false},"excerpt":{"rendered":"<p>Poli\u021bi\u0219ti \u0219i voluntari deopotriv\u0103, locuitori ai sectorului Centru, au mers cu arma \u00een m\u00e2n\u0103, risc\u00e2ndu-v\u0103 propriile vie\u021bi, pentru a ap\u0103ra Patria. Pretura sectorului Centru \u00eei comemoreaz\u0103 an de an pe acei eroi care au c\u0103zut pe c\u00e2mpul de lupt\u0103. \u021aine de datoria autorit\u0103\u021bilor s\u0103 aib\u0103 grij\u0103 de familiile celor c\u0103zu\u021bi pentru ap\u0103rarea integrit\u0103\u021bii \u021b\u0103rii. Vadim&hellip;<\/p>","protected":false},"author":1,"featured_media":99355,"comment_status":"open","ping_status":"open","sticky":false,"template":"","format":"standard","meta":[],"categories":[244],"tags":[],"acf":[],"_links":{"self":[{"href":"https:\/\/chisinaucentru.md\/en\/wp-json\/wp\/v2\/posts\/99353"}],"collection":[{"href":"https:\/\/chisinaucentru.md\/en\/wp-json\/wp\/v2\/posts"}],"about":[{"href":"https:\/\/chisinaucentru.md\/en\/wp-json\/wp\/v2\/types\/post"}],"author":[{"embeddable":true,"href":"https:\/\/chisinaucentru.md\/en\/wp-json\/wp\/v2\/users\/1"}],"replies":[{"embeddable":true,"href":"https:\/\/chisinaucentru.md\/en\/wp-json\/wp\/v2\/comments?post=99353"}],"version-history":[{"count":3,"href":"https:\/\/chisinaucentru.md\/en\/wp-json\/wp\/v2\/posts\/99353\/revisions"}],"predecessor-version":[{"id":99368,"href":"https:\/\/chisinaucentru.md\/en\/wp-json\/wp\/v2\/posts\/99353\/revisions\/99368"}],"wp:featuredmedia":[{"embeddable":true,"href":"https:\/\/chisinaucentru.md\/en\/wp-json\/wp\/v2\/media\/99355"}],"wp:attachment":[{"href":"https:\/\/chisinaucentru.md\/en\/wp-json\/wp\/v2\/media?parent=99353"}],"wp:term":[{"taxonomy":"category","embeddable":true,"href":"https:\/\/chisinaucentru.md\/en\/wp-json\/wp\/v2\/categories?post=99353"},{"taxonomy":"post_tag","embeddable":true,"href":"https:\/\/chisinaucentru.md\/en\/wp-json\/wp\/v2\/tags?post=99353"}],"curies":[{"name":"wp","href":"https:\/\/api.w.org\/{rel}","templated":true}]}}