{"id":98062,"date":"2026-01-22T20:03:09","date_gmt":"2026-01-22T18:03:09","guid":{"rendered":"https:\/\/chisinaucentru.md\/?p=98062"},"modified":"2026-01-23T20:20:31","modified_gmt":"2026-01-23T18:20:31","slug":"noi-proiecte-de-infrastructura-pentru-anul-2026-discutate-la-pretura-sectorului-centru","status":"publish","type":"post","link":"https:\/\/chisinaucentru.md\/en\/noi-proiecte-de-infrastructura-pentru-anul-2026-discutate-la-pretura-sectorului-centru\/","title":{"rendered":"Noi proiecte de infrastructur\u0103 pentru anul 2026, discutate la Pretura sectorului Centru"},"content":{"rendered":"<div class=\"vc_row wpb_row vc_row-fluid dt-default\" style=\"margin-top: 0px;margin-bottom: 0px\"><div class=\"wpb_column vc_column_container vc_col-sm-12\"><div class=\"vc_column-inner\"><div class=\"wpb_wrapper\">\n\t<div class=\"wpb_text_column wpb_content_element\" >\n\t\t<div class=\"wpb_wrapper\">\n\t\t\t<p><span style=\"color: #050505;\"><span style=\"font-family: Times New Roman, serif;\"><span style=\"font-size: large;\"><span lang=\"ro-RO\">Pretorul sectorului Centru, Vadim H\u00eencu, a avut o \u00eentrevedere de lucru cu proiectan\u021bii implica\u021bi \u00een elaborarea conceptelor tehnice pentru mai multe obiective planificate spre reabilitare \u00een sector. Discu\u021biile s-au axat pe proiecte din domeniul infrastructurii, mobilit\u0103\u021bii urbane \u0219i amenaj\u0103rii spa\u021biilor publice.<br \/>\n<\/span><\/span><\/span><\/span><\/p>\n<p><span style=\"color: #050505;\"><span style=\"font-family: Times New Roman, serif;\"><span style=\"font-size: large;\"><span lang=\"ro-RO\">\u00cen cadrul \u00eentrevederii au fost analizate viziuni preliminare \u0219i solu\u021bii tehnice, \u00een scopul preg\u0103tirii noilor proiecte ce urmeaz\u0103 a fi implementate de comun cu Prim\u0103ria municipiului Chi\u0219in\u0103u, \u00een sectorul Centru, pe parcursul anului 2026.<br \/>\n<\/span><\/span><\/span><\/span><\/p>\n<p><span style=\"color: #050505;\"><span style=\"font-family: Times New Roman, serif;\"><span style=\"font-size: large;\"><span lang=\"ro-RO\">Consultarea cu speciali\u0219tii de profil este esen\u021bial\u0103 pentru fundamentarea tehnic\u0103 a proiectelor \u0219i pentru aprobarea ulterioar\u0103 a acestora.<br \/>\n<\/span><\/span><\/span><\/span><\/p>\n<p><span style=\"color: #050505;\"><span style=\"font-family: Times New Roman, serif;\"><span style=\"font-size: large;\"><span lang=\"ro-RO\">Continu\u0103m s\u0103 dezvolt\u0103m \u00eempreun\u0103 sectorul Centru.<br \/>\n<\/span><\/span><\/span><\/span><\/p>\n\n\t\t<\/div>\n\t<\/div>\n<\/div><\/div><\/div><\/div><div class=\"vc_row wpb_row vc_row-fluid dt-default\" style=\"margin-top: 0px;margin-bottom: 0px\"><div class=\"wpb_column vc_column_container vc_col-sm-12\"><div class=\"vc_column-inner\"><div class=\"wpb_wrapper\">\n<div class=\"vc_grid-container-wrapper vc_clearfix vc_grid-animation-fadeIn\">\n\t<div class=\"vc_grid-container vc_clearfix wpb_content_element vc_media_grid\" data-initial-loading-animation=\"fadeIn\" data-vc-grid-settings=\"{&quot;page_id&quot;:98062,&quot;style&quot;:&quot;all&quot;,&quot;action&quot;:&quot;vc_get_vc_grid_data&quot;,&quot;shortcode_id&quot;:&quot;1769192388541-37836daa1699710ef1d82a8fc7542977-0&quot;,&quot;tag&quot;:&quot;vc_media_grid&quot;}\" data-vc-request=\"https:\/\/chisinaucentru.md\/wp-admin\/admin-ajax.php\" data-vc-post-id=\"98062\" data-vc-public-nonce=\"284a9b8a8b\">\n\t\t\n\t<\/div>\n<\/div><\/div><\/div><\/div><\/div>","protected":false},"excerpt":{"rendered":"<p>Pretorul sectorului Centru, Vadim H\u00eencu, a avut o \u00eentrevedere de lucru cu proiectan\u021bii implica\u021bi \u00een elaborarea conceptelor tehnice pentru mai multe obiective planificate spre reabilitare \u00een sector. Discu\u021biile s-au axat pe proiecte din domeniul infrastructurii, mobilit\u0103\u021bii urbane \u0219i amenaj\u0103rii spa\u021biilor publice. \u00cen cadrul \u00eentrevederii au fost analizate viziuni preliminare \u0219i solu\u021bii tehnice, \u00een scopul preg\u0103tirii&hellip;<\/p>","protected":false},"author":1,"featured_media":98073,"comment_status":"open","ping_status":"open","sticky":false,"template":"","format":"standard","meta":[],"categories":[244],"tags":[],"acf":[],"_links":{"self":[{"href":"https:\/\/chisinaucentru.md\/en\/wp-json\/wp\/v2\/posts\/98062"}],"collection":[{"href":"https:\/\/chisinaucentru.md\/en\/wp-json\/wp\/v2\/posts"}],"about":[{"href":"https:\/\/chisinaucentru.md\/en\/wp-json\/wp\/v2\/types\/post"}],"author":[{"embeddable":true,"href":"https:\/\/chisinaucentru.md\/en\/wp-json\/wp\/v2\/users\/1"}],"replies":[{"embeddable":true,"href":"https:\/\/chisinaucentru.md\/en\/wp-json\/wp\/v2\/comments?post=98062"}],"version-history":[{"count":3,"href":"https:\/\/chisinaucentru.md\/en\/wp-json\/wp\/v2\/posts\/98062\/revisions"}],"predecessor-version":[{"id":98083,"href":"https:\/\/chisinaucentru.md\/en\/wp-json\/wp\/v2\/posts\/98062\/revisions\/98083"}],"wp:featuredmedia":[{"embeddable":true,"href":"https:\/\/chisinaucentru.md\/en\/wp-json\/wp\/v2\/media\/98073"}],"wp:attachment":[{"href":"https:\/\/chisinaucentru.md\/en\/wp-json\/wp\/v2\/media?parent=98062"}],"wp:term":[{"taxonomy":"category","embeddable":true,"href":"https:\/\/chisinaucentru.md\/en\/wp-json\/wp\/v2\/categories?post=98062"},{"taxonomy":"post_tag","embeddable":true,"href":"https:\/\/chisinaucentru.md\/en\/wp-json\/wp\/v2\/tags?post=98062"}],"curies":[{"name":"wp","href":"https:\/\/api.w.org\/{rel}","templated":true}]}}