{"id":97621,"date":"2026-01-02T09:55:28","date_gmt":"2026-01-02T07:55:28","guid":{"rendered":"https:\/\/chisinaucentru.md\/?p=97621"},"modified":"2026-01-06T09:57:09","modified_gmt":"2026-01-06T07:57:09","slug":"vizita-oficiala-din-romania-la-pretura-sectorului-centru","status":"publish","type":"post","link":"https:\/\/chisinaucentru.md\/en\/vizita-oficiala-din-romania-la-pretura-sectorului-centru\/","title":{"rendered":"Vizit\u0103 oficial\u0103 din Rom\u00e2nia la Pretura sectorului Centru"},"content":{"rendered":"<div class=\"vc_row wpb_row vc_row-fluid dt-default\" style=\"margin-top: 0px;margin-bottom: 0px\"><div class=\"wpb_column vc_column_container vc_col-sm-12\"><div class=\"vc_column-inner\"><div class=\"wpb_wrapper\">\n\t<div class=\"wpb_text_column wpb_content_element\" >\n\t\t<div class=\"wpb_wrapper\">\n\t\t\t<p><span style=\"color: #050505;\"><span style=\"font-family: Times New Roman, serif;\"><span style=\"font-size: large;\"><span lang=\"ro-RO\">\u00cen primele zile ale noului an, Pretura sectorului Centru a primit vizita unei delega\u021bii din Rom\u00e2nia, format\u0103 din reprezentan\u021bi ai Prim\u0103riei comunei C\u0103line\u0219ti, jude\u021bul Arge\u0219.<br \/>\n<\/span><\/span><\/span><\/span><\/p>\n<p><span style=\"color: #050505;\"><span style=\"font-family: Times New Roman, serif;\"><span style=\"font-size: large;\"><span lang=\"ro-RO\">Pretorul sectorului Centru, Vadim H\u00ceNCU, a avut o \u00eentrevedere cu oaspe\u021bii de peste Prut, \u00een cadrul c\u0103reia au fost abordate subiecte de interes comun privind activitatea administra\u021biei publice locale, dezvoltarea comunit\u0103\u021bilor \u0219i schimbul de experien\u021b\u0103 \u00eentre autorit\u0103\u021bile locale. Discu\u021biile s-au axat pe exemple de bune practici, provoc\u0103ri comune \u0219i posibile direc\u021bii de colaborare institu\u021bional\u0103.<br \/>\n<\/span><\/span><\/span><\/span><\/p>\n<p><span style=\"color: #050505;\"><span style=\"font-family: Times New Roman, serif;\"><span style=\"font-size: large;\"><span lang=\"ro-RO\">Totodat\u0103, a fost eviden\u021biat faptul c\u0103 Prim\u0103ria municipiului Chi\u0219in\u0103u este \u00eenfr\u0103\u021bit\u0103 cu municipiul Pite\u0219ti, re\u0219edin\u021ba jude\u021bului Arge\u0219, rela\u021bie care contribuie la consolidarea cooper\u0103rii administrative \u0219i culturale, precum \u0219i la apropierea comunit\u0103\u021bilor din Republica Moldova \u0219i Rom\u00e2nia.<br \/>\n<\/span><\/span><\/span><\/span><\/p>\n\n\t\t<\/div>\n\t<\/div>\n<\/div><\/div><\/div><\/div><div class=\"vc_row wpb_row vc_row-fluid dt-default\" style=\"margin-top: 0px;margin-bottom: 0px\"><div class=\"wpb_column vc_column_container vc_col-sm-12\"><div class=\"vc_column-inner\"><div class=\"wpb_wrapper\">\n\t<div  class=\"wpb_single_image wpb_content_element vc_align_left\">\n\t\t\n\t\t<figure class=\"wpb_wrapper vc_figure\">\n\t\t\t<div class=\"vc_single_image-wrapper   vc_box_border_grey\"><img width=\"600\" height=\"503\" src=\"https:\/\/chisinaucentru.md\/wp-content\/uploads\/2026\/01\/605823886_857680183673943_848109704830728621_n.jpg\" class=\"vc_single_image-img attachment-full\" alt=\"\" loading=\"lazy\" title=\"605823886_857680183673943_848109704830728621_n\" srcset=\"https:\/\/chisinaucentru.md\/wp-content\/uploads\/2026\/01\/605823886_857680183673943_848109704830728621_n.jpg 600w, https:\/\/chisinaucentru.md\/wp-content\/uploads\/2026\/01\/605823886_857680183673943_848109704830728621_n-300x252.jpg 300w, https:\/\/chisinaucentru.md\/wp-content\/uploads\/2026\/01\/605823886_857680183673943_848109704830728621_n-14x12.jpg 14w\" sizes=\"(max-width: 600px) 100vw, 600px\"  data-dt-location=\"https:\/\/chisinaucentru.md\/en\/vizita-oficiala-din-romania-la-pretura-sectorului-centru\/605823886_857680183673943_848109704830728621_n\/\" \/><\/div>\n\t\t<\/figure>\n\t<\/div>\n<\/div><\/div><\/div><\/div>","protected":false},"excerpt":{"rendered":"<p>\u00cen primele zile ale noului an, Pretura sectorului Centru a primit vizita unei delega\u021bii din Rom\u00e2nia, format\u0103 din reprezentan\u021bi ai Prim\u0103riei comunei C\u0103line\u0219ti, jude\u021bul Arge\u0219. Pretorul sectorului Centru, Vadim H\u00ceNCU, a avut o \u00eentrevedere cu oaspe\u021bii de peste Prut, \u00een cadrul c\u0103reia au fost abordate subiecte de interes comun privind activitatea administra\u021biei publice locale, dezvoltarea&hellip;<\/p>","protected":false},"author":1,"featured_media":97623,"comment_status":"open","ping_status":"open","sticky":false,"template":"","format":"standard","meta":[],"categories":[244],"tags":[],"acf":[],"_links":{"self":[{"href":"https:\/\/chisinaucentru.md\/en\/wp-json\/wp\/v2\/posts\/97621"}],"collection":[{"href":"https:\/\/chisinaucentru.md\/en\/wp-json\/wp\/v2\/posts"}],"about":[{"href":"https:\/\/chisinaucentru.md\/en\/wp-json\/wp\/v2\/types\/post"}],"author":[{"embeddable":true,"href":"https:\/\/chisinaucentru.md\/en\/wp-json\/wp\/v2\/users\/1"}],"replies":[{"embeddable":true,"href":"https:\/\/chisinaucentru.md\/en\/wp-json\/wp\/v2\/comments?post=97621"}],"version-history":[{"count":2,"href":"https:\/\/chisinaucentru.md\/en\/wp-json\/wp\/v2\/posts\/97621\/revisions"}],"predecessor-version":[{"id":97624,"href":"https:\/\/chisinaucentru.md\/en\/wp-json\/wp\/v2\/posts\/97621\/revisions\/97624"}],"wp:featuredmedia":[{"embeddable":true,"href":"https:\/\/chisinaucentru.md\/en\/wp-json\/wp\/v2\/media\/97623"}],"wp:attachment":[{"href":"https:\/\/chisinaucentru.md\/en\/wp-json\/wp\/v2\/media?parent=97621"}],"wp:term":[{"taxonomy":"category","embeddable":true,"href":"https:\/\/chisinaucentru.md\/en\/wp-json\/wp\/v2\/categories?post=97621"},{"taxonomy":"post_tag","embeddable":true,"href":"https:\/\/chisinaucentru.md\/en\/wp-json\/wp\/v2\/tags?post=97621"}],"curies":[{"name":"wp","href":"https:\/\/api.w.org\/{rel}","templated":true}]}}