{"id":97484,"date":"2025-12-30T19:42:43","date_gmt":"2025-12-30T17:42:43","guid":{"rendered":"https:\/\/chisinaucentru.md\/?p=97484"},"modified":"2025-12-31T20:01:21","modified_gmt":"2025-12-31T18:01:21","slug":"reorganizarea-circulatiei-pe-bd-stefan-cel-mare-si-sfant-pe-31-decembrie","status":"publish","type":"post","link":"https:\/\/chisinaucentru.md\/en\/reorganizarea-circulatiei-pe-bd-stefan-cel-mare-si-sfant-pe-31-decembrie\/","title":{"rendered":"Reorganizarea circula\u021biei pe bd. \u0218tefan cel Mare \u0219i Sf\u00e2nt, pe 31 decembrie"},"content":{"rendered":"<div class=\"vc_row wpb_row vc_row-fluid dt-default\" style=\"margin-top: 0px;margin-bottom: 0px\"><div class=\"wpb_column vc_column_container vc_col-sm-12\"><div class=\"vc_column-inner\"><div class=\"wpb_wrapper\">\n\t<div class=\"wpb_text_column wpb_content_element\" >\n\t\t<div class=\"wpb_wrapper\">\n\t\t\t<p><span style=\"color: #050505;\"><span style=\"font-family: Times New Roman, serif;\"><span style=\"font-size: large;\"><span lang=\"ro-RO\">\u00cen noaptea dintre ani, de pe 31.12.2025, ora 20:00 p\u00e2n\u0103 pe 01.01.2026, ora 07:00, va fi sistat\u0103 circula\u021bia transportului public pe bd. \u0218tefan cel Mare \u0219i Sf\u00e2nt (Pia\u021ba Marii Adun\u0103ri Na\u021bionale), \u00een perimetrul str. A. Pu\u0219kin \u0219i str. Mitropolit G. B\u0103nulescu- Bodoni, cu redirec\u021bionarea transportului, inclusiv transportul public, pe str\u0103zile adiacente.<br \/>\n<\/span><\/span><\/span><\/span><\/p>\n<p><span style=\"color: #050505;\"><span style=\"font-family: Times New Roman, serif;\"><span style=\"font-size: large;\"><span lang=\"ro-RO\">M\u0103sura a fost luat\u0103 \u00een leg\u0103tur\u0103 cu desf\u0103\u0219urarea manifest\u0103rilor cultural-artistice dedicate s\u0103rb\u0103torii de Revelion.<br \/>\n<\/span><\/span><\/span><\/span><\/p>\n<p><span style=\"color: #050505;\"><span style=\"font-family: Times New Roman, serif;\"><span style=\"font-size: large;\"><span lang=\"ro-RO\">Totodat\u0103, \u00een noaptea de Revelion, va fi extins programul de activitate al transportului public, pentru rutele de troleibuz nr. 2, 8, 10, 12, 22 \u0219i 25 precum \u0219i pentru rutele de autobuz nr. 2, 5, 9, 23, 26, 33 \u0219i 47, p\u00e2n\u0103 la orele 02:00.<br \/>\n<\/span><\/span><\/span><\/span><\/p>\n<p><span style=\"color: #050505;\"><span style=\"font-family: Times New Roman, serif;\"><span style=\"font-size: large;\"><span lang=\"ro-RO\">Astfel, \u00een perioada men\u021bionat\u0103, troleibuzele \u0219i autobuzele care traverseaz\u0103 Pia\u021ba Marii Adun\u0103ri Na\u021bionale, vor fi redirec\u021bionate pe str\u0103zile adiacente, dup\u0103 cum urmeaz\u0103:<br \/>\n<\/span><\/span><\/span><\/span><\/p>\n<p><span style=\"color: #050505;\"><span style=\"font-family: Times New Roman, serif;\"><span style=\"font-size: large;\"><span lang=\"ro-RO\">TROLEIBUZE<br \/>\n-Rutele nr. 1, 5, 8 \u0219i 22 vor fi redirec\u021bionate pe str. Bucure\u0219ti, tur\/retur;<br \/>\n-Ruta nr. 4 spre sectorul Buiucani va circula pe strada Bucure\u0219ti, iar spre sectorul Botanica de pe str. A. Mateevici \u2013 str. A. Pu\u0219kin \u2013 bd. Stefan cel Mare \u0219i Sf\u00e2nt;<br \/>\n-Ruta nr. 34 spre Centru va circula pe str. Bucure\u0219ti, iar spre com. Tru\u0219eni de pe bd. \u0218tefan cel Mare \u0219i Sf\u00e2nt pe str. Vasile Alecsandri, str. Bucure\u0219ti.<br \/>\n<\/span><\/span><\/span><\/span><\/p>\n<p><span style=\"color: #050505;\"><span style=\"font-family: Times New Roman, serif;\"><span style=\"font-size: large;\"><span lang=\"ro-RO\">AUTOBUZE<br \/>\n-Ruta nr. 5, se modific\u0103 dup\u0103 cum urmeaz\u0103: tur: pe traseul stabilit, iar retur: de pe str. Mitropolit G. B\u0103nulescu &#8211; Bodoni pe str. Columna, str. V. Alecsandri, bd. \u0218tefan cel Mare \u0219i Sf\u00e2nt \u0219i \u00een continuare pe traseul stabilit;<br \/>\n-Rutele nr. 8 \u0219i 9 se modific\u0103 dup\u0103 cum urmeaz\u0103: tur: de pe bd. \u0218tefan cel Mare \u0219i Sf\u00e2nt pe str. Mitropolit G. B\u0103nulescu &#8211; Bodoni, str. M. Kog\u0103lniceanu, str. Al. Pu\u0219kin, bd. \u0218tefan cel Mare \u0219i Sf\u00e2nt \u0219i \u00een continuare pe traseul stabilit, iar retur: de pe bd. \u0218tefan cel Mare \u0219i Sf\u00e2nt pe str. A. Pu\u0219kin, str. Alexandru cel Bun, str. Mitropolit G. B\u0103nulescu &#8211; Bodoni, bd. \u0218tefan cel Mare \u0219i Sf\u00e2nt \u0219i \u00een continuare pe traseul stabilit;<br \/>\n-Ruta nr. 11 se modific\u0103 dup\u0103 cum urmeaz\u0103: tur\/retur de pe bd. \u0218tefan cel Mare \u0219i Sf\u00e2nt pe str. A. Pu\u0219kin, str. Alexandru cel Bun, str. Mitropolit G. B\u0103nulescu &#8211; Bodoni, bd. \u0218tefan cel Mare \u0219i Sf\u00e2nt \u0219i \u00een continuare pe traseul stabilit;<br \/>\n-Ruta nr. 26 se modific\u0103 dup\u0103 cum urmeaz\u0103: tur: de pe bd. \u0218tefan cel Mare \u0219i Sf\u00e2nt pe str. G. B\u0103nulescu &#8211; Bodoni pe str. M. Kog\u0103lniceanu, str. A. Pu\u0219kin \u0219i \u00een continuare pe traseul stabilit, iar retur pe traseul stabilit;<br \/>\n-Ruta nr. 46 se modific\u0103 dup\u0103 cum urmeaz\u0103: tur: de pe bd. \u0218tefan cel Mare \u0219i Sf\u00e2nt pe str. A. Pu\u0219kin, str. Alexandru cel Bun, str. Mitropolit G. B\u0103nulescu &#8211; Bodoni, bd. \u0218tefan cel Mare \u0219i Sf\u00e2nt \u0219i \u00een continuare pe traseul stabilit, iar retur: de pe bd. \u0218tefan cel Mare \u0219i Sf\u00e2nt pe str. Mitropolit G. B\u0103nulescu &#8211; Bodoni, str. M. Kog\u0103lniceanu, str. A. Pu\u0219kin, bd. \u0218tefan cel Mare \u0219i Sf\u00e2nt \u0219i \u00een continuare pe traseul stabilit.<br \/>\n<\/span><\/span><\/span><\/span><\/p>\n<p><span style=\"color: #050505;\"><span style=\"font-family: Times New Roman, serif;\"><span style=\"font-size: large;\"><span lang=\"ro-RO\">Personalul liniar este la dispozi\u021bia c\u0103l\u0103torilor pentru a oferi informa\u021bii suplimentare despre traseul rutelor de transport public \u00een perioada enun\u021bat\u0103.<br \/>\n<\/span><\/span><\/span><\/span><\/p>\n\n\t\t<\/div>\n\t<\/div>\n<\/div><\/div><\/div><\/div><div class=\"vc_row wpb_row vc_row-fluid dt-default\" style=\"margin-top: 0px;margin-bottom: 0px\"><div class=\"wpb_column vc_column_container vc_col-sm-12\"><div class=\"vc_column-inner\"><div class=\"wpb_wrapper\">\n<div class=\"vc_grid-container-wrapper vc_clearfix vc_grid-animation-fadeIn\">\n\t<div class=\"vc_grid-container vc_clearfix wpb_content_element vc_media_grid\" data-initial-loading-animation=\"fadeIn\" data-vc-grid-settings=\"{&quot;page_id&quot;:97484,&quot;style&quot;:&quot;all&quot;,&quot;action&quot;:&quot;vc_get_vc_grid_data&quot;,&quot;shortcode_id&quot;:&quot;1767074804194-f0eef018aaa89d75a6d5923ae276cef9-8&quot;,&quot;tag&quot;:&quot;vc_media_grid&quot;}\" data-vc-request=\"https:\/\/chisinaucentru.md\/wp-admin\/admin-ajax.php\" data-vc-post-id=\"97484\" data-vc-public-nonce=\"39ce34e9ee\">\n\t\t\n\t<\/div>\n<\/div><\/div><\/div><\/div><\/div>","protected":false},"excerpt":{"rendered":"<p>\u00cen noaptea dintre ani, de pe 31.12.2025, ora 20:00 p\u00e2n\u0103 pe 01.01.2026, ora 07:00, va fi sistat\u0103 circula\u021bia transportului public pe bd. \u0218tefan cel Mare \u0219i Sf\u00e2nt (Pia\u021ba Marii Adun\u0103ri Na\u021bionale), \u00een perimetrul str. A. Pu\u0219kin \u0219i str. Mitropolit G. B\u0103nulescu- Bodoni, cu redirec\u021bionarea transportului, inclusiv transportul public, pe str\u0103zile adiacente. M\u0103sura a fost luat\u0103&hellip;<\/p>","protected":false},"author":1,"featured_media":97516,"comment_status":"open","ping_status":"open","sticky":false,"template":"","format":"standard","meta":[],"categories":[244],"tags":[],"acf":[],"_links":{"self":[{"href":"https:\/\/chisinaucentru.md\/en\/wp-json\/wp\/v2\/posts\/97484"}],"collection":[{"href":"https:\/\/chisinaucentru.md\/en\/wp-json\/wp\/v2\/posts"}],"about":[{"href":"https:\/\/chisinaucentru.md\/en\/wp-json\/wp\/v2\/types\/post"}],"author":[{"embeddable":true,"href":"https:\/\/chisinaucentru.md\/en\/wp-json\/wp\/v2\/users\/1"}],"replies":[{"embeddable":true,"href":"https:\/\/chisinaucentru.md\/en\/wp-json\/wp\/v2\/comments?post=97484"}],"version-history":[{"count":1,"href":"https:\/\/chisinaucentru.md\/en\/wp-json\/wp\/v2\/posts\/97484\/revisions"}],"predecessor-version":[{"id":97485,"href":"https:\/\/chisinaucentru.md\/en\/wp-json\/wp\/v2\/posts\/97484\/revisions\/97485"}],"wp:featuredmedia":[{"embeddable":true,"href":"https:\/\/chisinaucentru.md\/en\/wp-json\/wp\/v2\/media\/97516"}],"wp:attachment":[{"href":"https:\/\/chisinaucentru.md\/en\/wp-json\/wp\/v2\/media?parent=97484"}],"wp:term":[{"taxonomy":"category","embeddable":true,"href":"https:\/\/chisinaucentru.md\/en\/wp-json\/wp\/v2\/categories?post=97484"},{"taxonomy":"post_tag","embeddable":true,"href":"https:\/\/chisinaucentru.md\/en\/wp-json\/wp\/v2\/tags?post=97484"}],"curies":[{"name":"wp","href":"https:\/\/api.w.org\/{rel}","templated":true}]}}