{"id":97482,"date":"2025-12-30T19:41:39","date_gmt":"2025-12-30T17:41:39","guid":{"rendered":"https:\/\/chisinaucentru.md\/?p=97482"},"modified":"2025-12-31T19:53:39","modified_gmt":"2025-12-31T17:53:39","slug":"in-ajun-de-revelion-am-primit-colindatori-la-pretura-centru","status":"publish","type":"post","link":"https:\/\/chisinaucentru.md\/en\/in-ajun-de-revelion-am-primit-colindatori-la-pretura-centru\/","title":{"rendered":"\u00cen ajun de Revelion, am primit colind\u0103tori la Pretura Centru"},"content":{"rendered":"<div class=\"vc_row wpb_row vc_row-fluid dt-default\" style=\"margin-top: 0px;margin-bottom: 0px\"><div class=\"wpb_column vc_column_container vc_col-sm-12\"><div class=\"vc_column-inner\"><div class=\"wpb_wrapper\">\n\t<div class=\"wpb_text_column wpb_content_element\" >\n\t\t<div class=\"wpb_wrapper\">\n\t\t\t<p><span style=\"color: #050505;\"><span style=\"font-family: Times New Roman, serif;\"><span style=\"font-size: large;\"><span lang=\"ro-RO\">\u00cen prag de An Nou, holurile Preturii sectorului Centru au prins glas de colind Ceata de colind\u0103tori \u0219i ur\u0103tori de la Centrul Municipal de Tineret Chu\u0219in\u0103u a adus cu ea emo\u021bia s\u0103rb\u0103torilor de iarn\u0103, vestind Na\u0219terea Domnului \u0219i rostind ur\u0103ri de s\u0103n\u0103tate, pace \u0219i bel\u0219ug pentru anul ce vine.<br \/>\n<\/span><\/span><\/span><\/span><\/p>\n<p><span style=\"color: #050505;\"><span style=\"font-family: Times New Roman, serif;\"><span style=\"font-size: large;\"><span lang=\"ro-RO\">\u00cembr\u0103ca\u021bi \u00een straie tradi\u021bionale, tinerii au reamintit c\u0103 tradi\u021biile neamului nostru sunt valorificate de la o genera\u021bie la alta.<br \/>\n<\/span><\/span><\/span><\/span><\/p>\n<p><span style=\"color: #050505;\"><span style=\"font-family: Times New Roman, serif;\"><span style=\"font-size: large;\"><span lang=\"ro-RO\">\u00cent\u00e2mpina\u021bi cu c\u0103ldur\u0103 de Pretorul Vadim H\u00eencu \u0219i de func\u021bionarii Preturii, colind\u0103torii au fost r\u0103spl\u0103ti\u021bi cu daruri \u0219i z\u00e2mbete pentru bucuria adus\u0103 \u0219i pentru grija cu care p\u0103streaz\u0103 spiritul autentic al iernii.<br \/>\n<\/span><\/span><\/span><\/span><\/p>\n\n\t\t<\/div>\n\t<\/div>\n<\/div><\/div><\/div><\/div><div class=\"vc_row wpb_row vc_row-fluid dt-default\" style=\"margin-top: 0px;margin-bottom: 0px\"><div class=\"wpb_column vc_column_container vc_col-sm-12\"><div class=\"vc_column-inner\"><div class=\"wpb_wrapper\">\n<div class=\"vc_grid-container-wrapper vc_clearfix vc_grid-animation-fadeIn\">\n\t<div class=\"vc_grid-container vc_clearfix wpb_content_element vc_media_grid\" data-initial-loading-animation=\"fadeIn\" data-vc-grid-settings=\"{&quot;page_id&quot;:97482,&quot;style&quot;:&quot;all&quot;,&quot;action&quot;:&quot;vc_get_vc_grid_data&quot;,&quot;shortcode_id&quot;:&quot;1767203559791-cf98f9085cac5db61bf0bb8d93edf74e-0&quot;,&quot;tag&quot;:&quot;vc_media_grid&quot;}\" data-vc-request=\"https:\/\/chisinaucentru.md\/wp-admin\/admin-ajax.php\" data-vc-post-id=\"97482\" data-vc-public-nonce=\"39ce34e9ee\">\n\t\t\n\t<\/div>\n<\/div><\/div><\/div><\/div><\/div>","protected":false},"excerpt":{"rendered":"<p>\u00cen prag de An Nou, holurile Preturii sectorului Centru au prins glas de colind Ceata de colind\u0103tori \u0219i ur\u0103tori de la Centrul Municipal de Tineret Chu\u0219in\u0103u a adus cu ea emo\u021bia s\u0103rb\u0103torilor de iarn\u0103, vestind Na\u0219terea Domnului \u0219i rostind ur\u0103ri de s\u0103n\u0103tate, pace \u0219i bel\u0219ug pentru anul ce vine. \u00cembr\u0103ca\u021bi \u00een straie tradi\u021bionale, tinerii au&hellip;<\/p>","protected":false},"author":1,"featured_media":97497,"comment_status":"open","ping_status":"open","sticky":false,"template":"","format":"standard","meta":[],"categories":[244],"tags":[],"acf":[],"_links":{"self":[{"href":"https:\/\/chisinaucentru.md\/en\/wp-json\/wp\/v2\/posts\/97482"}],"collection":[{"href":"https:\/\/chisinaucentru.md\/en\/wp-json\/wp\/v2\/posts"}],"about":[{"href":"https:\/\/chisinaucentru.md\/en\/wp-json\/wp\/v2\/types\/post"}],"author":[{"embeddable":true,"href":"https:\/\/chisinaucentru.md\/en\/wp-json\/wp\/v2\/users\/1"}],"replies":[{"embeddable":true,"href":"https:\/\/chisinaucentru.md\/en\/wp-json\/wp\/v2\/comments?post=97482"}],"version-history":[{"count":3,"href":"https:\/\/chisinaucentru.md\/en\/wp-json\/wp\/v2\/posts\/97482\/revisions"}],"predecessor-version":[{"id":97511,"href":"https:\/\/chisinaucentru.md\/en\/wp-json\/wp\/v2\/posts\/97482\/revisions\/97511"}],"wp:featuredmedia":[{"embeddable":true,"href":"https:\/\/chisinaucentru.md\/en\/wp-json\/wp\/v2\/media\/97497"}],"wp:attachment":[{"href":"https:\/\/chisinaucentru.md\/en\/wp-json\/wp\/v2\/media?parent=97482"}],"wp:term":[{"taxonomy":"category","embeddable":true,"href":"https:\/\/chisinaucentru.md\/en\/wp-json\/wp\/v2\/categories?post=97482"},{"taxonomy":"post_tag","embeddable":true,"href":"https:\/\/chisinaucentru.md\/en\/wp-json\/wp\/v2\/tags?post=97482"}],"curies":[{"name":"wp","href":"https:\/\/api.w.org\/{rel}","templated":true}]}}