{"id":97330,"date":"2025-12-25T09:38:57","date_gmt":"2025-12-25T07:38:57","guid":{"rendered":"https:\/\/chisinaucentru.md\/?p=97330"},"modified":"2025-12-29T09:47:55","modified_gmt":"2025-12-29T07:47:55","slug":"am-sarbatorit-astazi-craciunul-pe-rit-nou-la-pretura-sectorului-centru-impreuna-cu-peste-500-de-copii","status":"publish","type":"post","link":"https:\/\/chisinaucentru.md\/en\/am-sarbatorit-astazi-craciunul-pe-rit-nou-la-pretura-sectorului-centru-impreuna-cu-peste-500-de-copii\/","title":{"rendered":"Am s\u0103rb\u0103torit ast\u0103zi Cr\u0103ciunul pe rit nou la Pretura sectorului Centru, \u00eempreun\u0103 cu peste 500 de copii"},"content":{"rendered":"<div class=\"vc_row wpb_row vc_row-fluid dt-default\" style=\"margin-top: 0px;margin-bottom: 0px\"><div class=\"wpb_column vc_column_container vc_col-sm-12\"><div class=\"vc_column-inner\"><div class=\"wpb_wrapper\">\n\t<div class=\"wpb_text_column wpb_content_element\" >\n\t\t<div class=\"wpb_wrapper\">\n\t\t\t<p><span style=\"color: #050505;\"><span style=\"font-family: Times New Roman, serif;\"><span style=\"font-size: large;\"><span lang=\"ro-RO\">Vadim H\u00eencu, Pretorul sectorului Centru, a fost, ca de fiecare dat\u0103, al\u0103turi de noi, adres\u00e2nd cu drag ur\u0103ri de bine tuturor celor prezen\u021bi cu prilejul Na\u0219terii Domnului.<br \/>\n<\/span><\/span><\/span><\/span><\/p>\n<p><span style=\"color: #050505;\"><span style=\"font-family: Times New Roman, serif;\"><span style=\"font-size: large;\"><span lang=\"ro-RO\">\u00centr-o zi de mare s\u0103rb\u0103toare cre\u0219tin\u0103, c\u00e2nd suntem mai uni\u021bi ca oric\u00e2nd prin compasiune, bun\u0103tate \u0219i generozitate, am dedicat acest eveniment cultural copiilor, cei care au fost at\u00e2t spectatori, c\u00e2t \u0219i participan\u021bi pe scen\u0103, oferind momente artistice pline de sinceritate \u0219i bucurie.<br \/>\n<\/span><\/span><\/span><\/span><\/p>\n<p><span style=\"color: #050505;\"><span style=\"font-family: Times New Roman, serif;\"><span style=\"font-size: large;\"><span lang=\"ro-RO\">Copiii sunt cei care a\u0219teapt\u0103 cel mai mult venirea lui Mo\u0219 Cr\u0103ciun, a colindelor \u0219i a magiei s\u0103rb\u0103torilor.<br \/>\n<\/span><\/span><\/span><\/span><\/p>\n<p><span style=\"color: #050505;\"><span style=\"font-family: Times New Roman, serif;\"><span style=\"font-size: large;\"><span lang=\"ro-RO\">Pentru ei au evoluat studioul \u201ePic\u0103turi Muzicale\u201d, studioul \u201eCrescendo\u201d \u0219i Georgeta Voinovan, interpreta Angela S\u00eerbu, ansamblul \u201eVatra Neamului\u201d de la Liceul Teoretic \u201eMihai Viteazul\u201d \u0219i Anna Berezovsky. La s\u0103rb\u0103toare au sosit \u0219i eroii principali, Mo\u0219 Cr\u0103ciun \u0219i Fulgu\u021ba, care au \u00eensufle\u021bit copiii prin jocuri \u0219i dansuri. Nelipsite au fost \u0219i cadourile dulci tradi\u021bionale, oferite fiec\u0103rui copil la intrarea \u00een sal\u0103.<br \/>\n<\/span><\/span><\/span><\/span><\/p>\n<p><span style=\"color: #050505;\"><span style=\"font-family: Times New Roman, serif;\"><span style=\"font-size: large;\"><span lang=\"ro-RO\">Evenimentul a fost cu drag organizat de Prim\u0103ria municipiului Chi\u0219in\u0103u \u0219i Pretura sectorului Centru.<br \/>\n<\/span><\/span><\/span><\/span><\/p>\n<p><span style=\"color: #050505;\"><span style=\"font-family: Times New Roman, serif;\"><span style=\"font-size: large;\"><span lang=\"ro-RO\">Bucuria acestei zile magice ne va \u00eenso\u021bi \u0219i \u00een noul an. Dorim tuturor ca s\u0103rb\u0103torile s\u0103 v\u0103 g\u0103seasc\u0103 uni\u021bi \u0219i aproape de cei dragi.<br \/>\n<\/span><\/span><\/span><\/span><\/p>\n<p><span style=\"color: #050505;\"><span style=\"font-family: Times New Roman, serif;\"><span style=\"font-size: large;\"><span lang=\"ro-RO\">Cr\u0103ciun Fericit!<br \/>\n<\/span><\/span><\/span><\/span><\/p>\n\n\t\t<\/div>\n\t<\/div>\n<\/div><\/div><\/div><\/div><div class=\"vc_row wpb_row vc_row-fluid dt-default\" style=\"margin-top: 0px;margin-bottom: 0px\"><div class=\"wpb_column vc_column_container vc_col-sm-12\"><div class=\"vc_column-inner\"><div class=\"wpb_wrapper\">\n<div class=\"vc_grid-container-wrapper vc_clearfix vc_grid-animation-fadeIn\">\n\t<div class=\"vc_grid-container vc_clearfix wpb_content_element vc_media_grid\" data-initial-loading-animation=\"fadeIn\" data-vc-grid-settings=\"{&quot;page_id&quot;:97330,&quot;style&quot;:&quot;all&quot;,&quot;action&quot;:&quot;vc_get_vc_grid_data&quot;,&quot;shortcode_id&quot;:&quot;1766994005758-02da601659c22c591f447e13371c460f-8&quot;,&quot;tag&quot;:&quot;vc_media_grid&quot;}\" data-vc-request=\"https:\/\/chisinaucentru.md\/wp-admin\/admin-ajax.php\" data-vc-post-id=\"97330\" data-vc-public-nonce=\"39ce34e9ee\">\n\t\t\n\t<\/div>\n<\/div><\/div><\/div><\/div><\/div>","protected":false},"excerpt":{"rendered":"<p>Vadim H\u00eencu, Pretorul sectorului Centru, a fost, ca de fiecare dat\u0103, al\u0103turi de noi, adres\u00e2nd cu drag ur\u0103ri de bine tuturor celor prezen\u021bi cu prilejul Na\u0219terii Domnului. \u00centr-o zi de mare s\u0103rb\u0103toare cre\u0219tin\u0103, c\u00e2nd suntem mai uni\u021bi ca oric\u00e2nd prin compasiune, bun\u0103tate \u0219i generozitate, am dedicat acest eveniment cultural copiilor, cei care au fost at\u00e2t&hellip;<\/p>","protected":false},"author":1,"featured_media":97388,"comment_status":"open","ping_status":"open","sticky":false,"template":"","format":"standard","meta":[],"categories":[244],"tags":[],"acf":[],"_links":{"self":[{"href":"https:\/\/chisinaucentru.md\/en\/wp-json\/wp\/v2\/posts\/97330"}],"collection":[{"href":"https:\/\/chisinaucentru.md\/en\/wp-json\/wp\/v2\/posts"}],"about":[{"href":"https:\/\/chisinaucentru.md\/en\/wp-json\/wp\/v2\/types\/post"}],"author":[{"embeddable":true,"href":"https:\/\/chisinaucentru.md\/en\/wp-json\/wp\/v2\/users\/1"}],"replies":[{"embeddable":true,"href":"https:\/\/chisinaucentru.md\/en\/wp-json\/wp\/v2\/comments?post=97330"}],"version-history":[{"count":4,"href":"https:\/\/chisinaucentru.md\/en\/wp-json\/wp\/v2\/posts\/97330\/revisions"}],"predecessor-version":[{"id":97397,"href":"https:\/\/chisinaucentru.md\/en\/wp-json\/wp\/v2\/posts\/97330\/revisions\/97397"}],"wp:featuredmedia":[{"embeddable":true,"href":"https:\/\/chisinaucentru.md\/en\/wp-json\/wp\/v2\/media\/97388"}],"wp:attachment":[{"href":"https:\/\/chisinaucentru.md\/en\/wp-json\/wp\/v2\/media?parent=97330"}],"wp:term":[{"taxonomy":"category","embeddable":true,"href":"https:\/\/chisinaucentru.md\/en\/wp-json\/wp\/v2\/categories?post=97330"},{"taxonomy":"post_tag","embeddable":true,"href":"https:\/\/chisinaucentru.md\/en\/wp-json\/wp\/v2\/tags?post=97330"}],"curies":[{"name":"wp","href":"https:\/\/api.w.org\/{rel}","templated":true}]}}