{"id":97270,"date":"2025-12-23T11:54:19","date_gmt":"2025-12-23T09:54:19","guid":{"rendered":"https:\/\/chisinaucentru.md\/?p=97270"},"modified":"2025-12-26T11:55:49","modified_gmt":"2025-12-26T09:55:49","slug":"organizarea-circulatiei-transportului-public-care-traverseaza-centrul-orasului-in-perioada-24-decembrie-cu-ocolirea-pman","status":"publish","type":"post","link":"https:\/\/chisinaucentru.md\/en\/organizarea-circulatiei-transportului-public-care-traverseaza-centrul-orasului-in-perioada-24-decembrie-cu-ocolirea-pman\/","title":{"rendered":"Organizarea circula\u021biei transportului public care traverseaz\u0103 centrul ora\u0219ului, \u00een perioada: 24 decembrie, cu ocolirea PMAN"},"content":{"rendered":"<div class=\"vc_row wpb_row vc_row-fluid dt-default\" style=\"margin-top: 0px;margin-bottom: 0px\"><div class=\"wpb_column vc_column_container vc_col-sm-12\"><div class=\"vc_column-inner\"><div class=\"wpb_wrapper\">\n\t<div class=\"wpb_text_column wpb_content_element\" >\n\t\t<div class=\"wpb_wrapper\">\n\t\t\t<p><span style=\"color: #050505;\"><span style=\"font-family: Times New Roman, serif;\"><span style=\"font-size: large;\"><span lang=\"ro-RO\"> Prim\u0103ria Municipiului Chi\u0219in\u0103u informeaz\u0103 c\u0103, \u00een perioada: 24.12.2025, ora 13:00 \u2013 25.12.2025, ora 05:00, va fi sistat\u0103 circula\u021bia transportului public pe bd. \u0218tefan cel Mare \u0219i Sf\u00e2nt, \u00een perimetrul str. A. Pu\u0219kin \u2013 str. Mitropolit G. B\u0103nulescu &#8211; Bodoni, cu redirec\u021bionarea transportului, inclusiv transportul public, pe str\u0103zile adiacente.<br \/>\n<\/span><\/span><\/span><\/span><\/p>\n<p><span style=\"color: #050505;\"><span style=\"font-family: Times New Roman, serif;\"><span style=\"font-size: large;\"><span lang=\"ro-RO\">M\u0103sura a fost luat\u0103 \u00een leg\u0103tur\u0103 cu desf\u0103\u0219urarea manifest\u0103rilor cultural-artistice dedicate Ajunului Cr\u0103ciunului pe stil nou \u00een PMAN.<br \/>\n<\/span><\/span><\/span><\/span><\/p>\n<p><span style=\"color: #050505;\"><span style=\"font-family: Times New Roman, serif;\"><span style=\"font-size: large;\"><span lang=\"ro-RO\">Astfel, \u00een perioada men\u021bionat\u0103, troleibuzele care traverseaz\u0103 Pia\u021ba Marii Adun\u0103ri Na\u021bionale, vor fi redirec\u021bionate pe str\u0103zile adiacente, dup\u0103 cum urmeaz\u0103:<br \/>\n<\/span><\/span><\/span><\/span><\/p>\n<p><span style=\"color: #050505;\"><span style=\"font-family: Times New Roman, serif;\"><span style=\"font-size: large;\"><span lang=\"ro-RO\">TROLEIBUZE<br \/>\nRutele nr. 1, 5, 8 \u0219i 22 vor fi redirec\u021bionate pe str. Bucure\u0219ti, tur\/retur;<br \/>\nRuta nr. 4 spre sectorul Buiucani va circula pe strada Bucure\u0219ti, iar spre sectorul Botanica de pe str. A. Mateevici &#8211; str. A. Pu\u0219kin &#8211; bd. Stefan cel Mare \u0219i Sf\u00e2nt;<br \/>\nRuta nr. 34 spre Centru va circula pe str. Bucure\u0219ti, iar spre com. Tru\u0219eni de pe bd. \u0218tefan cel Mare \u0219i Sf\u00e2nt &#8211; pe str. Vasile Alecsandri &#8211; str. Bucure\u0219ti.<br \/>\n<\/span><\/span><\/span><\/span><\/p>\n<p><span style=\"color: #050505;\"><span style=\"font-family: Times New Roman, serif;\"><span style=\"font-size: large;\"><span lang=\"ro-RO\">AUTOBUZE<br \/>\nRuta nr. 5, se modific\u0103 dup\u0103 cum urmeaz\u0103: tur: pe traseul stabilit, iar retur: de pe str. Mitropolit G. B\u0103nulescu &#8211; Bodoni pe str. Columna, str. V. Alecsandri, bd. \u0218tefan cel Mare \u0219i Sf\u00e2nt \u0219i \u00een continuare pe traseul stabilit;<br \/>\nRutele nr. 8 \u0219i 9 se modific\u0103 dup\u0103 cum urmeaz\u0103: tur: de pe bd. \u0218tefan cel Mare \u0219i Sf\u00e2nt pe str. Mitropolit G. B\u0103nulescu &#8211; Bodoni, str. M. Kog\u0103lniceanu, str. Al. Pu\u0219kin, bd. \u0218tefan cel Mare \u0219i Sf\u00e2nt \u0219i \u00een continuare pe traseul stabilit, iar retur: de pe bd. \u0218tefan cel Mare \u0219i Sf\u00e2nt pe str. Al. Pu\u0219kin, str. Alexandru cel Bun, str. Mitropolit G. B\u0103nulescu-Bodoni, bd. \u0218tefan cel Mare \u0219i Sf\u00e2nt \u0219i \u00een continuare pe traseul stabilit;<br \/>\nRuta nr. 11 se modific\u0103 dup\u0103 cum urmeaz\u0103: tur\/retur de pe bd. \u0218tefan cel Mare \u0219i Sf\u00e2nt pe str. Al. Pu\u0219kin, str. Alexandru cel Bun, str. Mitropolit G. B\u0103nulescu &#8211; Bodoni, bd. \u0218tefan cel Mare \u0219i Sf\u00e2nt \u0219i \u00een continuare pe traseul stabilit;<br \/>\nRuta nr. 26 se modific\u0103 dup\u0103 cum urmeaz\u0103: tur: de pe bd. \u0218tefan cel Mare \u0219i Sf\u00e2nt pe str. Mitropolit G. B\u0103nulescu &#8211; Bodoni pe str. M. Kog\u0103lniceanu, str. Al. Pu\u0219kin \u0219i \u00een continuare pe traseul stabilit, iar retur: pe traseul stabilit;<br \/>\nRuta nr. 46 se modific\u0103 dup\u0103 cum urmeaz\u0103: tur: de pe bd. \u0218tefan cel Mare \u0219i Sf\u00e2nt, str. Al. Pu\u0219kin, str. Alexandru cel Bun, str. Mitropolit G. B\u0103nulescu &#8211; Bodoni, bd. \u0218tefan cel Mare \u0219i Sf\u00e2nt \u0219i \u00een continuare pe traseul stabilit, iar retur: de pe bd. \u0218tefan cel Mare \u0219i Sf\u00e2nt pe str. Mitropolit G. B\u0103nulescu &#8211; Bodoni, str. M. Kog\u0103lniceanu, str. Al. Pu\u0219kin, bd. \u0218tefan cel Mare \u0219i Sf\u00e2nt \u0219i \u00een continuare pe traseul stabilit.<br \/>\n<\/span><\/span><\/span><\/span><\/p>\n<p><span style=\"color: #050505;\"><span style=\"font-family: Times New Roman, serif;\"><span style=\"font-size: large;\"><span lang=\"ro-RO\">Personalul liniar este la dispozi\u021bia c\u0103l\u0103torilor pentru a oferi informa\u021bii suplimentare despre traseul rutelor de transport public \u00een perioada enun\u021bat\u0103.<br \/>\n<\/span><\/span><\/span><\/span><\/p>\n<p><span style=\"color: #050505;\"><span style=\"font-family: Times New Roman, serif;\"><span style=\"font-size: large;\"><span lang=\"ro-RO\">Conduc\u0103torii auto sunt \u00eendemna\u021bi s\u0103 se conformeze cerin\u021belor agen\u021bilor de circula\u021bie, s\u0103 manifeste r\u0103bdare \u0219i disciplin\u0103 \u00een trafic, f\u0103r\u0103 abateri de la Regulamentul Circula\u021biei Rutiere.<br \/>\n<\/span><\/span><\/span><\/span><\/p>\n\n\t\t<\/div>\n\t<\/div>\n<\/div><\/div><\/div><\/div><div class=\"vc_row wpb_row vc_row-fluid dt-default\" style=\"margin-top: 0px;margin-bottom: 0px\"><div class=\"wpb_column vc_column_container vc_col-sm-12\"><div class=\"vc_column-inner\"><div class=\"wpb_wrapper\">\n\t<div  class=\"wpb_single_image wpb_content_element vc_align_left\">\n\t\t\n\t\t<figure class=\"wpb_wrapper vc_figure\">\n\t\t\t<div class=\"vc_single_image-wrapper   vc_box_border_grey\"><img width=\"2048\" height=\"1152\" src=\"https:\/\/chisinaucentru.md\/wp-content\/uploads\/2025\/12\/604401114_850722841036344_1959433560647836012_n.jpg\" class=\"vc_single_image-img attachment-full\" alt=\"\" loading=\"lazy\" title=\"604401114_850722841036344_1959433560647836012_n\" srcset=\"https:\/\/chisinaucentru.md\/wp-content\/uploads\/2025\/12\/604401114_850722841036344_1959433560647836012_n.jpg 2048w, https:\/\/chisinaucentru.md\/wp-content\/uploads\/2025\/12\/604401114_850722841036344_1959433560647836012_n-300x169.jpg 300w, https:\/\/chisinaucentru.md\/wp-content\/uploads\/2025\/12\/604401114_850722841036344_1959433560647836012_n-1024x576.jpg 1024w, https:\/\/chisinaucentru.md\/wp-content\/uploads\/2025\/12\/604401114_850722841036344_1959433560647836012_n-768x432.jpg 768w, https:\/\/chisinaucentru.md\/wp-content\/uploads\/2025\/12\/604401114_850722841036344_1959433560647836012_n-1536x864.jpg 1536w, https:\/\/chisinaucentru.md\/wp-content\/uploads\/2025\/12\/604401114_850722841036344_1959433560647836012_n-18x10.jpg 18w\" sizes=\"(max-width: 2048px) 100vw, 2048px\"  data-dt-location=\"https:\/\/chisinaucentru.md\/en\/organizarea-circulatiei-transportului-public-care-traverseaza-centrul-orasului-in-perioada-24-decembrie-cu-ocolirea-pman\/604401114_850722841036344_1959433560647836012_n\/\" \/><\/div>\n\t\t<\/figure>\n\t<\/div>\n<\/div><\/div><\/div><\/div>","protected":false},"excerpt":{"rendered":"<p>Prim\u0103ria Municipiului Chi\u0219in\u0103u informeaz\u0103 c\u0103, \u00een perioada: 24.12.2025, ora 13:00 \u2013 25.12.2025, ora 05:00, va fi sistat\u0103 circula\u021bia transportului public pe bd. \u0218tefan cel Mare \u0219i Sf\u00e2nt, \u00een perimetrul str. A. Pu\u0219kin \u2013 str. Mitropolit G. B\u0103nulescu &#8211; Bodoni, cu redirec\u021bionarea transportului, inclusiv transportul public, pe str\u0103zile adiacente. M\u0103sura a fost luat\u0103 \u00een leg\u0103tur\u0103 cu&hellip;<\/p>","protected":false},"author":1,"featured_media":97272,"comment_status":"open","ping_status":"open","sticky":false,"template":"","format":"standard","meta":[],"categories":[244],"tags":[],"acf":[],"_links":{"self":[{"href":"https:\/\/chisinaucentru.md\/en\/wp-json\/wp\/v2\/posts\/97270"}],"collection":[{"href":"https:\/\/chisinaucentru.md\/en\/wp-json\/wp\/v2\/posts"}],"about":[{"href":"https:\/\/chisinaucentru.md\/en\/wp-json\/wp\/v2\/types\/post"}],"author":[{"embeddable":true,"href":"https:\/\/chisinaucentru.md\/en\/wp-json\/wp\/v2\/users\/1"}],"replies":[{"embeddable":true,"href":"https:\/\/chisinaucentru.md\/en\/wp-json\/wp\/v2\/comments?post=97270"}],"version-history":[{"count":3,"href":"https:\/\/chisinaucentru.md\/en\/wp-json\/wp\/v2\/posts\/97270\/revisions"}],"predecessor-version":[{"id":97274,"href":"https:\/\/chisinaucentru.md\/en\/wp-json\/wp\/v2\/posts\/97270\/revisions\/97274"}],"wp:featuredmedia":[{"embeddable":true,"href":"https:\/\/chisinaucentru.md\/en\/wp-json\/wp\/v2\/media\/97272"}],"wp:attachment":[{"href":"https:\/\/chisinaucentru.md\/en\/wp-json\/wp\/v2\/media?parent=97270"}],"wp:term":[{"taxonomy":"category","embeddable":true,"href":"https:\/\/chisinaucentru.md\/en\/wp-json\/wp\/v2\/categories?post=97270"},{"taxonomy":"post_tag","embeddable":true,"href":"https:\/\/chisinaucentru.md\/en\/wp-json\/wp\/v2\/tags?post=97270"}],"curies":[{"name":"wp","href":"https:\/\/api.w.org\/{rel}","templated":true}]}}