{"id":97259,"date":"2025-12-23T11:50:44","date_gmt":"2025-12-23T09:50:44","guid":{"rendered":"https:\/\/chisinaucentru.md\/?p=97259"},"modified":"2025-12-26T11:52:26","modified_gmt":"2025-12-26T09:52:26","slug":"pretura-sectorului-centru-isi-exprima-aprecierea-pentru-un-an-de-munca-rodnica-directiei-educatie-tineret-si-sport-centru","status":"publish","type":"post","link":"https:\/\/chisinaucentru.md\/en\/pretura-sectorului-centru-isi-exprima-aprecierea-pentru-un-an-de-munca-rodnica-directiei-educatie-tineret-si-sport-centru\/","title":{"rendered":"Pretura sectorului Centru \u00ee\u0219i exprim\u0103 aprecierea pentru un an de munc\u0103 rodnic\u0103 Direc\u021biei Educa\u021bie, Tineret \u0219i Sport Centru"},"content":{"rendered":"<div class=\"vc_row wpb_row vc_row-fluid dt-default\" style=\"margin-top: 0px;margin-bottom: 0px\"><div class=\"wpb_column vc_column_container vc_col-sm-12\"><div class=\"vc_column-inner\"><div class=\"wpb_wrapper\">\n\t<div class=\"wpb_text_column wpb_content_element\" >\n\t\t<div class=\"wpb_wrapper\">\n\t\t\t<p><span style=\"color: #050505;\"><span style=\"font-family: Times New Roman, serif;\"><span style=\"font-size: large;\"><span lang=\"ro-RO\">Pretura sectorului Centru \u00ee\u0219i exprim\u0103 aprecierea pentru un an de munc\u0103 rodnic\u0103 \ud835\udc03\ud835\udc22\ud835\udc2b\ud835\udc1e\ud835\udc1c\ud835\udc2d\u0326\ud835\udc22\ud835\udc1e\ud835\udc22 \ud835\udc04\ud835\udc1d\ud835\udc2e\ud835\udc1c\ud835\udc1a\ud835\udc2d\u0326\ud835\udc22\ud835\udc1e, \ud835\udc13\ud835\udc22\ud835\udc27\ud835\udc1e\ud835\udc2b\ud835\udc1e\ud835\udc2d \ud835\udc2c\u0326\ud835\udc22 \ud835\udc12\ud835\udc29\ud835\udc28\ud835\udc2b\ud835\udc2d Centru, institu\u021bie care joac\u0103 un rol esen\u021bial \u00een dezvoltarea unei comunit\u0103\u021bi educate \u0219i prospere.<br \/>\n<\/span><\/span><\/span><\/span><\/p>\n<p><span style=\"color: #050505;\"><span style=\"font-family: Times New Roman, serif;\"><span style=\"font-size: large;\"><span lang=\"ro-RO\">Cu acest prilej, dar \u0219i cu apropierea s\u0103rb\u0103torilor de Cr\u0103ciun \u0219i Anul Nou, Pretorul sectorului Centru, Vadim H\u00ceNCU, a transmis mesaje de felicitare \u0219i mul\u021bumire \u00eentregii echipe a Direc\u021biei pentru activitatea depus\u0103 pe parcursul anului. Implicarea constant\u0103 \u0219i contribu\u021biile semnificative la \u00eembun\u0103t\u0103\u021birea condi\u021biilor din \u0219coli \u0219i gr\u0103dini\u021be, demonstreaz\u0103 profesionalism \u0219i responsabilitate, consolid\u00e2nd pozi\u021bia institu\u021biilor de \u00eenv\u0103\u021b\u0103m\u00e2nt din sectorul Centru printre cele mai competitive din municipiul Chi\u0219in\u0103u \u0219i din regiune.<br \/>\n<\/span><\/span><\/span><\/span><\/p>\n<p><span style=\"color: #050505;\"><span style=\"font-family: Times New Roman, serif;\"><span style=\"font-size: large;\"><span lang=\"ro-RO\">Prin managementul iscusit al \u0218efei, Natalia STR\u0102JESCO, Direc\u021bia Educa\u021bie, Tineret \u0219i Sport Centru a continuat s\u0103 implementeze ini\u021biative menite s\u0103 asigure copiilor \u0219i tinerilor un mediu educa\u021bional sigur, modern \u0219i orientat spre viitor, contribuind astfel la formarea noilor genera\u021bii.<br \/>\n<\/span><\/span><\/span><\/span><\/p>\n<p><span style=\"color: #050505;\"><span style=\"font-family: Times New Roman, serif;\"><span style=\"font-size: large;\"><span lang=\"ro-RO\">\u00cen semn de recuno\u0219tin\u021b\u0103 pentru colaborarea fructuoas\u0103 pe care am avut-o \u00een anul 2025, din partea Prim\u0103riei municipiului Chi\u0219in\u0103u \u0219i a Preturii sectorului Centru, fiec\u0103rui membru al colectivului i-a fost oferit un cadou dulce.<br \/>\n<\/span><\/span><\/span><\/span><\/p>\n<p><span style=\"color: #050505;\"><span style=\"font-family: Times New Roman, serif;\"><span style=\"font-size: large;\"><span lang=\"ro-RO\">Pretura sectorului Centru adreseaz\u0103 sincere mul\u021bumiri \u00eentregii echipe a Direc\u021biei Educa\u021bie, Tineret \u0219i Sport Centru pentru un an de activitate responsabil\u0103, implicare activ\u0103 \u0219i rezultate remarcabile.<br \/>\n<\/span><\/span><\/span><\/span><\/p>\n<p><span style=\"color: #050505;\"><span style=\"font-family: Times New Roman, serif;\"><span style=\"font-size: large;\"><span lang=\"ro-RO\">S\u0103rb\u0103tori luminate \u0219i un Cr\u0103ciun fericit, DETS Centru!<br \/>\n<\/span><\/span><\/span><\/span><\/p>\n\n\t\t<\/div>\n\t<\/div>\n<\/div><\/div><\/div><\/div><div class=\"vc_row wpb_row vc_row-fluid dt-default\" style=\"margin-top: 0px;margin-bottom: 0px\"><div class=\"wpb_column vc_column_container vc_col-sm-12\"><div class=\"vc_column-inner\"><div class=\"wpb_wrapper\">\n<div class=\"vc_grid-container-wrapper vc_clearfix vc_grid-animation-fadeIn\">\n\t<div class=\"vc_grid-container vc_clearfix wpb_content_element vc_media_grid\" data-initial-loading-animation=\"fadeIn\" data-vc-grid-settings=\"{&quot;page_id&quot;:97259,&quot;style&quot;:&quot;all&quot;,&quot;action&quot;:&quot;vc_get_vc_grid_data&quot;,&quot;shortcode_id&quot;:&quot;1766742726355-3b9f62670f4e9aa0d8e12441d085d805-2&quot;,&quot;tag&quot;:&quot;vc_media_grid&quot;}\" data-vc-request=\"https:\/\/chisinaucentru.md\/wp-admin\/admin-ajax.php\" data-vc-post-id=\"97259\" data-vc-public-nonce=\"39ce34e9ee\">\n\t\t\n\t<\/div>\n<\/div><\/div><\/div><\/div><\/div>","protected":false},"excerpt":{"rendered":"<p>Pretura sectorului Centru \u00ee\u0219i exprim\u0103 aprecierea pentru un an de munc\u0103 rodnic\u0103 \ud835\udc03\ud835\udc22\ud835\udc2b\ud835\udc1e\ud835\udc1c\ud835\udc2d\u0326\ud835\udc22\ud835\udc1e\ud835\udc22 \ud835\udc04\ud835\udc1d\ud835\udc2e\ud835\udc1c\ud835\udc1a\ud835\udc2d\u0326\ud835\udc22\ud835\udc1e, \ud835\udc13\ud835\udc22\ud835\udc27\ud835\udc1e\ud835\udc2b\ud835\udc1e\ud835\udc2d \ud835\udc2c\u0326\ud835\udc22 \ud835\udc12\ud835\udc29\ud835\udc28\ud835\udc2b\ud835\udc2d Centru, institu\u021bie care joac\u0103 un rol esen\u021bial \u00een dezvoltarea unei comunit\u0103\u021bi educate \u0219i prospere. Cu acest prilej, dar \u0219i cu apropierea s\u0103rb\u0103torilor de Cr\u0103ciun \u0219i Anul Nou, Pretorul sectorului Centru, Vadim H\u00ceNCU, a transmis mesaje de felicitare \u0219i&hellip;<\/p>","protected":false},"author":1,"featured_media":97261,"comment_status":"open","ping_status":"open","sticky":false,"template":"","format":"standard","meta":[],"categories":[244],"tags":[],"acf":[],"_links":{"self":[{"href":"https:\/\/chisinaucentru.md\/en\/wp-json\/wp\/v2\/posts\/97259"}],"collection":[{"href":"https:\/\/chisinaucentru.md\/en\/wp-json\/wp\/v2\/posts"}],"about":[{"href":"https:\/\/chisinaucentru.md\/en\/wp-json\/wp\/v2\/types\/post"}],"author":[{"embeddable":true,"href":"https:\/\/chisinaucentru.md\/en\/wp-json\/wp\/v2\/users\/1"}],"replies":[{"embeddable":true,"href":"https:\/\/chisinaucentru.md\/en\/wp-json\/wp\/v2\/comments?post=97259"}],"version-history":[{"count":3,"href":"https:\/\/chisinaucentru.md\/en\/wp-json\/wp\/v2\/posts\/97259\/revisions"}],"predecessor-version":[{"id":97264,"href":"https:\/\/chisinaucentru.md\/en\/wp-json\/wp\/v2\/posts\/97259\/revisions\/97264"}],"wp:featuredmedia":[{"embeddable":true,"href":"https:\/\/chisinaucentru.md\/en\/wp-json\/wp\/v2\/media\/97261"}],"wp:attachment":[{"href":"https:\/\/chisinaucentru.md\/en\/wp-json\/wp\/v2\/media?parent=97259"}],"wp:term":[{"taxonomy":"category","embeddable":true,"href":"https:\/\/chisinaucentru.md\/en\/wp-json\/wp\/v2\/categories?post=97259"},{"taxonomy":"post_tag","embeddable":true,"href":"https:\/\/chisinaucentru.md\/en\/wp-json\/wp\/v2\/tags?post=97259"}],"curies":[{"name":"wp","href":"https:\/\/api.w.org\/{rel}","templated":true}]}}