{"id":97253,"date":"2025-12-22T11:48:11","date_gmt":"2025-12-22T09:48:11","guid":{"rendered":"https:\/\/chisinaucentru.md\/?p=97253"},"modified":"2025-12-26T11:50:32","modified_gmt":"2025-12-26T09:50:32","slug":"sarbatori-luminate-si-un-craciun-fericit-das-centru","status":"publish","type":"post","link":"https:\/\/chisinaucentru.md\/en\/sarbatori-luminate-si-un-craciun-fericit-das-centru\/","title":{"rendered":"S\u0103rb\u0103tori luminate \u0219i un Cr\u0103ciun fericit, DAS Centru!"},"content":{"rendered":"<div class=\"vc_row wpb_row vc_row-fluid dt-default\" style=\"margin-top: 0px;margin-bottom: 0px\"><div class=\"wpb_column vc_column_container vc_col-sm-12\"><div class=\"vc_column-inner\"><div class=\"wpb_wrapper\">\n\t<div class=\"wpb_text_column wpb_content_element\" >\n\t\t<div class=\"wpb_wrapper\">\n\t\t\t<p><span style=\"color: #050505;\"><span style=\"font-family: Times New Roman, serif;\"><span style=\"font-size: large;\"><span lang=\"ro-RO\">\u00cen prag de s\u0103rb\u0103tori, Pretorul sectorului Centru, Vadim H\u00ceNCU, a efectuat o vizit\u0103 la \ud835\udc03\ud835\udc22\ud835\udc2b\ud835\udc1e\ud835\udc1c\ud835\udc2d\u0326\ud835\udc22\ud835\udc1a \ud835\udc00\ud835\udc2c\ud835\udc22\ud835\udc2c\ud835\udc2d\ud835\udc1e\ud835\udc27\ud835\udc2d\u0326\ud835\udc1a\u0306 \ud835\udc12\ud835\udc28\ud835\udc1c\ud835\udc22\ud835\udc1a\ud835\udc25\ud835\udc1a\u0306 Centru, pentru a transmite personal felicit\u0103ri \u0219i mul\u021bumiri echipei care, pe parcursul \u00eentregului an, a fost sprijin \u0219i alinare pentru locuitorii sectorului.<br \/>\n<\/span><\/span><\/span><\/span><\/p>\n<p><span style=\"color: #050505;\"><span style=\"font-family: Times New Roman, serif;\"><span style=\"font-size: large;\"><span lang=\"ro-RO\">Prin efort constant \u0219i empatie, angaja\u021bii Direc\u021biei au demonstrat c\u0103 solidaritatea nu este doar un principiu, ci o misiune zilnic\u0103. \u00cen semn de apreciere pentru munca depus\u0103, fiec\u0103rui membru al colectivului, din partea Prim\u0103riei Chi\u0219in\u0103u \u0219i a Preturii Centru, i-a fost oferit un cadou dulce, simbol al s\u0103rb\u0103torilor de iarn\u0103 \u0219i al respectului fa\u021b\u0103 de o echip\u0103 care pune oamenii pe primul loc.<br \/>\n<\/span><\/span><\/span><\/span><\/p>\n<p><span style=\"color: #050505;\"><span style=\"font-family: Times New Roman, serif;\"><span style=\"font-size: large;\"><span lang=\"ro-RO\">Sub coordonarea atent\u0103 \u0219i dedicat\u0103 a \u0219efei Direc\u021biei, Eudochia PARANCENCO, Direc\u021bia Asisten\u021b\u0103 Social\u0103 Centru a continuat s\u0103 fie un pilon de stabilitate pentru persoanele aflate \u00een situa\u021bii vulnerabile, contribuind la prevenirea excluziunii sociale \u0219i asigur\u00e2nd accesul la servicii esen\u021biale care le u\u0219ureaz\u0103 traiul zilnic.<br \/>\n<\/span><\/span><\/span><\/span><\/p>\n<p><span style=\"color: #050505;\"><span style=\"font-family: Times New Roman, serif;\"><span style=\"font-size: large;\"><span lang=\"ro-RO\">Pretura sectorului Centru adreseaz\u0103 sincere mul\u021bumiri \u00eentregii echipe DAS Centru pentru un an de munc\u0103 responsabil\u0103 \u0219i implicare activ\u0103 \u00een via\u021ba comunit\u0103\u021bii.<br \/>\nS\u0103rb\u0103tori luminate \u0219i un Cr\u0103ciun fericit, DAS Centru!<br \/>\n<\/span><\/span><\/span><\/span><\/p>\n\n\t\t<\/div>\n\t<\/div>\n<\/div><\/div><\/div><\/div><div class=\"vc_row wpb_row vc_row-fluid dt-default\" style=\"margin-top: 0px;margin-bottom: 0px\"><div class=\"wpb_column vc_column_container vc_col-sm-12\"><div class=\"vc_column-inner\"><div class=\"wpb_wrapper\">\n<div class=\"vc_grid-container-wrapper vc_clearfix vc_grid-animation-fadeIn\">\n\t<div class=\"vc_grid-container vc_clearfix wpb_content_element vc_media_grid\" data-initial-loading-animation=\"fadeIn\" data-vc-grid-settings=\"{&quot;page_id&quot;:97253,&quot;style&quot;:&quot;all&quot;,&quot;action&quot;:&quot;vc_get_vc_grid_data&quot;,&quot;shortcode_id&quot;:&quot;1766742565464-db6c189c702aa35b023a741ccecd6bcb-8&quot;,&quot;tag&quot;:&quot;vc_media_grid&quot;}\" data-vc-request=\"https:\/\/chisinaucentru.md\/wp-admin\/admin-ajax.php\" data-vc-post-id=\"97253\" data-vc-public-nonce=\"39ce34e9ee\">\n\t\t\n\t<\/div>\n<\/div><\/div><\/div><\/div><\/div>","protected":false},"excerpt":{"rendered":"<p>\u00cen prag de s\u0103rb\u0103tori, Pretorul sectorului Centru, Vadim H\u00ceNCU, a efectuat o vizit\u0103 la \ud835\udc03\ud835\udc22\ud835\udc2b\ud835\udc1e\ud835\udc1c\ud835\udc2d\u0326\ud835\udc22\ud835\udc1a \ud835\udc00\ud835\udc2c\ud835\udc22\ud835\udc2c\ud835\udc2d\ud835\udc1e\ud835\udc27\ud835\udc2d\u0326\ud835\udc1a\u0306 \ud835\udc12\ud835\udc28\ud835\udc1c\ud835\udc22\ud835\udc1a\ud835\udc25\ud835\udc1a\u0306 Centru, pentru a transmite personal felicit\u0103ri \u0219i mul\u021bumiri echipei care, pe parcursul \u00eentregului an, a fost sprijin \u0219i alinare pentru locuitorii sectorului. Prin efort constant \u0219i empatie, angaja\u021bii Direc\u021biei au demonstrat c\u0103 solidaritatea nu este doar un principiu,&hellip;<\/p>","protected":false},"author":1,"featured_media":97255,"comment_status":"open","ping_status":"open","sticky":false,"template":"","format":"standard","meta":[],"categories":[244],"tags":[],"acf":[],"_links":{"self":[{"href":"https:\/\/chisinaucentru.md\/en\/wp-json\/wp\/v2\/posts\/97253"}],"collection":[{"href":"https:\/\/chisinaucentru.md\/en\/wp-json\/wp\/v2\/posts"}],"about":[{"href":"https:\/\/chisinaucentru.md\/en\/wp-json\/wp\/v2\/types\/post"}],"author":[{"embeddable":true,"href":"https:\/\/chisinaucentru.md\/en\/wp-json\/wp\/v2\/users\/1"}],"replies":[{"embeddable":true,"href":"https:\/\/chisinaucentru.md\/en\/wp-json\/wp\/v2\/comments?post=97253"}],"version-history":[{"count":3,"href":"https:\/\/chisinaucentru.md\/en\/wp-json\/wp\/v2\/posts\/97253\/revisions"}],"predecessor-version":[{"id":97258,"href":"https:\/\/chisinaucentru.md\/en\/wp-json\/wp\/v2\/posts\/97253\/revisions\/97258"}],"wp:featuredmedia":[{"embeddable":true,"href":"https:\/\/chisinaucentru.md\/en\/wp-json\/wp\/v2\/media\/97255"}],"wp:attachment":[{"href":"https:\/\/chisinaucentru.md\/en\/wp-json\/wp\/v2\/media?parent=97253"}],"wp:term":[{"taxonomy":"category","embeddable":true,"href":"https:\/\/chisinaucentru.md\/en\/wp-json\/wp\/v2\/categories?post=97253"},{"taxonomy":"post_tag","embeddable":true,"href":"https:\/\/chisinaucentru.md\/en\/wp-json\/wp\/v2\/tags?post=97253"}],"curies":[{"name":"wp","href":"https:\/\/api.w.org\/{rel}","templated":true}]}}