{"id":97028,"date":"2025-12-19T19:45:09","date_gmt":"2025-12-19T17:45:09","guid":{"rendered":"https:\/\/chisinaucentru.md\/?p=97028"},"modified":"2025-12-23T09:53:51","modified_gmt":"2025-12-23T07:53:51","slug":"centrul-capitalei-straluceste-de-sarbatori","status":"publish","type":"post","link":"https:\/\/chisinaucentru.md\/en\/centrul-capitalei-straluceste-de-sarbatori\/","title":{"rendered":"Centrul Capitalei str\u0103luce\u0219te de s\u0103rb\u0103tori!"},"content":{"rendered":"<div class=\"vc_row wpb_row vc_row-fluid dt-default\" style=\"margin-top: 0px;margin-bottom: 0px\"><div class=\"wpb_column vc_column_container vc_col-sm-12\"><div class=\"vc_column-inner\"><div class=\"wpb_wrapper\">\n\t<div class=\"wpb_text_column wpb_content_element\" >\n\t\t<div class=\"wpb_wrapper\">\n\t\t\t<p><span style=\"color: #050505;\"><span style=\"font-family: Times New Roman, serif;\"><span style=\"font-size: large;\"><span lang=\"ro-RO\">Sectorul Centru s-a \u00eembr\u0103cat \u00een lumin\u0103 \u0219i culoare, aduc\u00e2nd magia Cr\u0103ciunului mai aproape de fiecare dintre noi. Iluminatul festiv a fost aprins pe 5 decembrie, odat\u0103 cu inaugurarea T\u00e2rgului de Cr\u0103ciun din Pia\u021ba Marii Adun\u0103ri Na\u021bionale.<br \/>\n<\/span><\/span><\/span><\/span><\/p>\n<p><span style=\"color: #050505;\"><span style=\"font-family: Times New Roman, serif;\"><span style=\"font-size: large;\"><span lang=\"ro-RO\">\u0218i \u00een acest an, scuarurile, str\u0103zile din Centru \u0219i Telecentru sunt decorate cu lumini\u021be, figurine tematice \u0219i brazi \u00eempodobi\u021bi, toate preg\u0103tite s\u0103 creeze o atmosfer\u0103 de s\u0103rb\u0103toare autentic\u0103, chiar \u0219i \u00een lipsa z\u0103pezii.<br \/>\n<\/span><\/span><\/span><\/span><\/p>\n<p><span style=\"color: #050505;\"><span style=\"font-family: Times New Roman, serif;\"><span style=\"font-size: large;\"><span lang=\"ro-RO\">V\u0103 invit\u0103m s\u0103 v\u0103 bucura\u021bi de spa\u021biile publice ale ora\u0219ului \u0219i s\u0103 sim\u021bi\u021bi farmecul s\u0103rb\u0103torilor de iarn\u0103.<br \/>\n<\/span><\/span><\/span><\/span><\/p>\n\n\t\t<\/div>\n\t<\/div>\n<\/div><\/div><\/div><\/div><div class=\"vc_row wpb_row vc_row-fluid dt-default\" style=\"margin-top: 0px;margin-bottom: 0px\"><div class=\"wpb_column vc_column_container vc_col-sm-12\"><div class=\"vc_column-inner\"><div class=\"wpb_wrapper\">\n<div class=\"vc_grid-container-wrapper vc_clearfix vc_grid-animation-fadeIn\">\n\t<div class=\"vc_grid-container vc_clearfix wpb_content_element vc_media_grid\" data-initial-loading-animation=\"fadeIn\" data-vc-grid-settings=\"{&quot;page_id&quot;:97028,&quot;style&quot;:&quot;all&quot;,&quot;action&quot;:&quot;vc_get_vc_grid_data&quot;,&quot;shortcode_id&quot;:&quot;1766476357472-d7da270ab79ea2f12faa81cf6519b247-10&quot;,&quot;tag&quot;:&quot;vc_media_grid&quot;}\" data-vc-request=\"https:\/\/chisinaucentru.md\/wp-admin\/admin-ajax.php\" data-vc-post-id=\"97028\" data-vc-public-nonce=\"b7e9f1e002\">\n\t\t\n\t<\/div>\n<\/div><\/div><\/div><\/div><\/div>","protected":false},"excerpt":{"rendered":"<p>Sectorul Centru s-a \u00eembr\u0103cat \u00een lumin\u0103 \u0219i culoare, aduc\u00e2nd magia Cr\u0103ciunului mai aproape de fiecare dintre noi. Iluminatul festiv a fost aprins pe 5 decembrie, odat\u0103 cu inaugurarea T\u00e2rgului de Cr\u0103ciun din Pia\u021ba Marii Adun\u0103ri Na\u021bionale. \u0218i \u00een acest an, scuarurile, str\u0103zile din Centru \u0219i Telecentru sunt decorate cu lumini\u021be, figurine tematice \u0219i brazi \u00eempodobi\u021bi,&hellip;<\/p>","protected":false},"author":1,"featured_media":97031,"comment_status":"open","ping_status":"open","sticky":false,"template":"","format":"standard","meta":[],"categories":[244],"tags":[],"acf":[],"_links":{"self":[{"href":"https:\/\/chisinaucentru.md\/en\/wp-json\/wp\/v2\/posts\/97028"}],"collection":[{"href":"https:\/\/chisinaucentru.md\/en\/wp-json\/wp\/v2\/posts"}],"about":[{"href":"https:\/\/chisinaucentru.md\/en\/wp-json\/wp\/v2\/types\/post"}],"author":[{"embeddable":true,"href":"https:\/\/chisinaucentru.md\/en\/wp-json\/wp\/v2\/users\/1"}],"replies":[{"embeddable":true,"href":"https:\/\/chisinaucentru.md\/en\/wp-json\/wp\/v2\/comments?post=97028"}],"version-history":[{"count":3,"href":"https:\/\/chisinaucentru.md\/en\/wp-json\/wp\/v2\/posts\/97028\/revisions"}],"predecessor-version":[{"id":97043,"href":"https:\/\/chisinaucentru.md\/en\/wp-json\/wp\/v2\/posts\/97028\/revisions\/97043"}],"wp:featuredmedia":[{"embeddable":true,"href":"https:\/\/chisinaucentru.md\/en\/wp-json\/wp\/v2\/media\/97031"}],"wp:attachment":[{"href":"https:\/\/chisinaucentru.md\/en\/wp-json\/wp\/v2\/media?parent=97028"}],"wp:term":[{"taxonomy":"category","embeddable":true,"href":"https:\/\/chisinaucentru.md\/en\/wp-json\/wp\/v2\/categories?post=97028"},{"taxonomy":"post_tag","embeddable":true,"href":"https:\/\/chisinaucentru.md\/en\/wp-json\/wp\/v2\/tags?post=97028"}],"curies":[{"name":"wp","href":"https:\/\/api.w.org\/{rel}","templated":true}]}}