{"id":96973,"date":"2025-12-18T10:07:05","date_gmt":"2025-12-18T08:07:05","guid":{"rendered":"https:\/\/chisinaucentru.md\/?p=96973"},"modified":"2025-12-22T10:09:28","modified_gmt":"2025-12-22T08:09:28","slug":"inspectoratul-de-politie-centru-a-marcat-astazi-35-de-ani-de-la-fondarea-politiei-nationale","status":"publish","type":"post","link":"https:\/\/chisinaucentru.md\/en\/inspectoratul-de-politie-centru-a-marcat-astazi-35-de-ani-de-la-fondarea-politiei-nationale\/","title":{"rendered":"Inspectoratul de Poli\u021bie Centru a marcat ast\u0103zi 35 de ani de la fondarea Poli\u021biei Na\u021bionale"},"content":{"rendered":"<div class=\"vc_row wpb_row vc_row-fluid dt-default\" style=\"margin-top: 0px;margin-bottom: 0px\"><div class=\"wpb_column vc_column_container vc_col-sm-12\"><div class=\"vc_column-inner\"><div class=\"wpb_wrapper\">\n\t<div class=\"wpb_text_column wpb_content_element\" >\n\t\t<div class=\"wpb_wrapper\">\n\t\t\t<p><span style=\"color: #050505;\"><span style=\"font-family: Times New Roman, serif;\"><span style=\"font-size: large;\"><span lang=\"ro-RO\">Cu prilejul anivers\u0103rii, Vicepretorul sectorului Centru, Ion Boc\u0219anean, a mers s\u0103 felicite poli\u021bi\u0219tii de la IP Centru.<br \/>\n<\/span><\/span><\/span><\/span><\/p>\n<p><span style=\"color: #050505;\"><span style=\"font-family: Times New Roman, serif;\"><span style=\"font-size: large;\"><span lang=\"ro-RO\">Cu florile recuno\u0219tin\u021bei au fost comemora\u021bi camarazii c\u0103zu\u021bi, iar cu diplome de onoare din partea Preturii sectorului Centru, decora\u021bi ofi\u021berii care neobosit stau la straja ordinii publice \u00een sectorul Centru, dau dovad\u0103 de \u00eenalt nivel de disciplin\u0103 \u0219i devotament fa\u021b\u0103 de cauza \u00eencredin\u021bat\u0103.<br \/>\n<\/span><\/span><\/span><\/span><\/p>\n<p><span style=\"color: #050505;\"><span style=\"font-family: Times New Roman, serif;\"><span style=\"font-size: large;\"><span lang=\"ro-RO\">Pretura sectorului Centru mul\u021bume\u0219te poli\u021bi\u0219tilor pentru profesionalism \u0219i capacitate de a r\u0103spunde prompt \u0219i eficient la toate provoc\u0103rile care pot afecta ordinea public\u0103 \u00een regiunea administrat\u0103. Prin colaborare continu\u0103 vom cre\u0219te nivelul de siguran\u021b\u0103 public\u0103 \u0219i \u00eent\u0103rire a sentimentului de securitate \u00een r\u00e2ndul locuitorilor \u0219i vizitatorilor Capitalei.<br \/>\n<\/span><\/span><\/span><\/span><\/p>\n\n\t\t<\/div>\n\t<\/div>\n<\/div><\/div><\/div><\/div><div class=\"vc_row wpb_row vc_row-fluid dt-default\" style=\"margin-top: 0px;margin-bottom: 0px\"><div class=\"wpb_column vc_column_container vc_col-sm-12\"><div class=\"vc_column-inner\"><div class=\"wpb_wrapper\">\n<div class=\"vc_grid-container-wrapper vc_clearfix vc_grid-animation-fadeIn\">\n\t<div class=\"vc_grid-container vc_clearfix wpb_content_element vc_media_grid\" data-initial-loading-animation=\"fadeIn\" data-vc-grid-settings=\"{&quot;page_id&quot;:96973,&quot;style&quot;:&quot;all&quot;,&quot;action&quot;:&quot;vc_get_vc_grid_data&quot;,&quot;shortcode_id&quot;:&quot;1766390884743-2cf8534b6ab2b8a3bb4c53b45a04b884-9&quot;,&quot;tag&quot;:&quot;vc_media_grid&quot;}\" data-vc-request=\"https:\/\/chisinaucentru.md\/wp-admin\/admin-ajax.php\" data-vc-post-id=\"96973\" data-vc-public-nonce=\"39ce34e9ee\">\n\t\t\n\t<\/div>\n<\/div><\/div><\/div><\/div><\/div>","protected":false},"excerpt":{"rendered":"<p>Cu prilejul anivers\u0103rii, Vicepretorul sectorului Centru, Ion Boc\u0219anean, a mers s\u0103 felicite poli\u021bi\u0219tii de la IP Centru. Cu florile recuno\u0219tin\u021bei au fost comemora\u021bi camarazii c\u0103zu\u021bi, iar cu diplome de onoare din partea Preturii sectorului Centru, decora\u021bi ofi\u021berii care neobosit stau la straja ordinii publice \u00een sectorul Centru, dau dovad\u0103 de \u00eenalt nivel de disciplin\u0103 \u0219i&hellip;<\/p>","protected":false},"author":1,"featured_media":96975,"comment_status":"open","ping_status":"open","sticky":false,"template":"","format":"standard","meta":[],"categories":[244],"tags":[],"acf":[],"_links":{"self":[{"href":"https:\/\/chisinaucentru.md\/en\/wp-json\/wp\/v2\/posts\/96973"}],"collection":[{"href":"https:\/\/chisinaucentru.md\/en\/wp-json\/wp\/v2\/posts"}],"about":[{"href":"https:\/\/chisinaucentru.md\/en\/wp-json\/wp\/v2\/types\/post"}],"author":[{"embeddable":true,"href":"https:\/\/chisinaucentru.md\/en\/wp-json\/wp\/v2\/users\/1"}],"replies":[{"embeddable":true,"href":"https:\/\/chisinaucentru.md\/en\/wp-json\/wp\/v2\/comments?post=96973"}],"version-history":[{"count":3,"href":"https:\/\/chisinaucentru.md\/en\/wp-json\/wp\/v2\/posts\/96973\/revisions"}],"predecessor-version":[{"id":96980,"href":"https:\/\/chisinaucentru.md\/en\/wp-json\/wp\/v2\/posts\/96973\/revisions\/96980"}],"wp:featuredmedia":[{"embeddable":true,"href":"https:\/\/chisinaucentru.md\/en\/wp-json\/wp\/v2\/media\/96975"}],"wp:attachment":[{"href":"https:\/\/chisinaucentru.md\/en\/wp-json\/wp\/v2\/media?parent=96973"}],"wp:term":[{"taxonomy":"category","embeddable":true,"href":"https:\/\/chisinaucentru.md\/en\/wp-json\/wp\/v2\/categories?post=96973"},{"taxonomy":"post_tag","embeddable":true,"href":"https:\/\/chisinaucentru.md\/en\/wp-json\/wp\/v2\/tags?post=96973"}],"curies":[{"name":"wp","href":"https:\/\/api.w.org\/{rel}","templated":true}]}}