{"id":96175,"date":"2025-11-28T17:12:30","date_gmt":"2025-11-28T15:12:30","guid":{"rendered":"https:\/\/chisinaucentru.md\/?p=96175"},"modified":"2025-12-03T17:15:40","modified_gmt":"2025-12-03T15:15:40","slug":"copiii-din-chisinau-campioni-mondiali-la-karate","status":"publish","type":"post","link":"https:\/\/chisinaucentru.md\/en\/copiii-din-chisinau-campioni-mondiali-la-karate\/","title":{"rendered":"Copiii din Chi\u0219in\u0103u, campioni mondiali la karate"},"content":{"rendered":"<div class=\"vc_row wpb_row vc_row-fluid dt-default\" style=\"margin-top: 0px;margin-bottom: 0px\"><div class=\"wpb_column vc_column_container vc_col-sm-12\"><div class=\"vc_column-inner\"><div class=\"wpb_wrapper\">\n\t<div class=\"wpb_text_column wpb_content_element\" >\n\t\t<div class=\"wpb_wrapper\">\n\t\t\t<p><span style=\"color: #050505;\"><span style=\"font-family: Times New Roman, serif;\"><span style=\"font-size: large;\"><span lang=\"ro-RO\">Ast\u0103zi, Pretorul sectorului Centru, Vadim H\u00ceNCU, a onorat, \u00een numele administra\u021biei publice locale, reu\u0219itele remarcabile ob\u021binute de tinerii sportivi \u0219i contribu\u021bia antrenorilor lor, oferindu-le diplome de merit pentru performan\u021be \u00een cadrul Campionatului Mondial de Sporturi Militare, Competi\u021bia All-Round, desf\u0103\u0219urat \u00een perioada 14\u201316 noiembrie 2025, \u00een Wroclaw, Polonia.<br \/>\n<\/span><\/span><\/span><\/span><\/p>\n<p><span style=\"color: #050505;\"><span style=\"font-family: Times New Roman, serif;\"><span style=\"font-size: large;\"><span lang=\"ro-RO\">Echipa Republicii Moldova a reprezentat cu cinste \u021bara \u0219i municipiul Chi\u0219in\u0103u, revenind acas\u0103 cu un palmares impresionant: 6 medalii de aur, 8 medalii de argint, 6 medalii de bronz.<br \/>\n<\/span><\/span><\/span><\/span><\/p>\n<p><span style=\"color: #050505;\"><span style=\"font-family: Times New Roman, serif;\"><span style=\"font-size: large;\"><span lang=\"ro-RO\">\u201eV\u0103 felicit, dragi sportivi, pentru c\u0103 a\u021bi urcat, din nou, drapelul \u021b\u0103rii noastre pe podium \u0219i a\u021bi reafirmat excelen\u021ba \u0219colii sportive din centrul Capitalei \u201eClubul de Karate DOJO KUN\u201d. <\/span><\/span><\/span><\/span><\/p>\n<p><span style=\"color: #050505;\"><span style=\"font-family: Times New Roman, serif;\"><span style=\"font-size: large;\"><span lang=\"ro-RO\">Performan\u021ba voastr\u0103 este o surs\u0103 de m\u00e2ndrie pentru comunitatea noastr\u0103 \u0219i o dovad\u0103 a disciplinei, muncii \u0219i ambi\u021biei care v\u0103 definesc\u201d, a declarat Pretorul.<br \/>\n<\/span><\/span><\/span><\/span><\/p>\n<p><span style=\"color: #050505;\"><span style=\"font-family: Times New Roman, serif;\"><span style=\"font-size: large;\"><span lang=\"ro-RO\">Prim\u0103ria municipiului Chi\u0219in\u0103u \u0219i Pretura sectorului Centru va r\u0103m\u00e2ne mereu al\u0103turi de cultura sportului, sprijinind visurile sportivilor \u0219i pa\u0219ii lor spre noi performan\u021be.<br \/>\n<\/span><\/span><\/span><\/span><\/p>\n\n\t\t<\/div>\n\t<\/div>\n<\/div><\/div><\/div><\/div><div class=\"vc_row wpb_row vc_row-fluid dt-default\" style=\"margin-top: 0px;margin-bottom: 0px\"><div class=\"wpb_column vc_column_container vc_col-sm-12\"><div class=\"vc_column-inner\"><div class=\"wpb_wrapper\">\n<div class=\"vc_grid-container-wrapper vc_clearfix vc_grid-animation-fadeIn\">\n\t<div class=\"vc_grid-container vc_clearfix wpb_content_element vc_media_grid\" data-initial-loading-animation=\"fadeIn\" data-vc-grid-settings=\"{&quot;page_id&quot;:96175,&quot;style&quot;:&quot;all&quot;,&quot;action&quot;:&quot;vc_get_vc_grid_data&quot;,&quot;shortcode_id&quot;:&quot;1764774898919-17e803c23acd8f6980c105b1b0ab49b6-1&quot;,&quot;tag&quot;:&quot;vc_media_grid&quot;}\" data-vc-request=\"https:\/\/chisinaucentru.md\/wp-admin\/admin-ajax.php\" data-vc-post-id=\"96175\" data-vc-public-nonce=\"39ce34e9ee\">\n\t\t\n\t<\/div>\n<\/div><\/div><\/div><\/div><\/div>","protected":false},"excerpt":{"rendered":"<p>Ast\u0103zi, Pretorul sectorului Centru, Vadim H\u00ceNCU, a onorat, \u00een numele administra\u021biei publice locale, reu\u0219itele remarcabile ob\u021binute de tinerii sportivi \u0219i contribu\u021bia antrenorilor lor, oferindu-le diplome de merit pentru performan\u021be \u00een cadrul Campionatului Mondial de Sporturi Militare, Competi\u021bia All-Round, desf\u0103\u0219urat \u00een perioada 14\u201316 noiembrie 2025, \u00een Wroclaw, Polonia. Echipa Republicii Moldova a reprezentat cu cinste \u021bara&hellip;<\/p>","protected":false},"author":1,"featured_media":96177,"comment_status":"open","ping_status":"open","sticky":false,"template":"","format":"standard","meta":[],"categories":[244],"tags":[],"acf":[],"_links":{"self":[{"href":"https:\/\/chisinaucentru.md\/en\/wp-json\/wp\/v2\/posts\/96175"}],"collection":[{"href":"https:\/\/chisinaucentru.md\/en\/wp-json\/wp\/v2\/posts"}],"about":[{"href":"https:\/\/chisinaucentru.md\/en\/wp-json\/wp\/v2\/types\/post"}],"author":[{"embeddable":true,"href":"https:\/\/chisinaucentru.md\/en\/wp-json\/wp\/v2\/users\/1"}],"replies":[{"embeddable":true,"href":"https:\/\/chisinaucentru.md\/en\/wp-json\/wp\/v2\/comments?post=96175"}],"version-history":[{"count":3,"href":"https:\/\/chisinaucentru.md\/en\/wp-json\/wp\/v2\/posts\/96175\/revisions"}],"predecessor-version":[{"id":96188,"href":"https:\/\/chisinaucentru.md\/en\/wp-json\/wp\/v2\/posts\/96175\/revisions\/96188"}],"wp:featuredmedia":[{"embeddable":true,"href":"https:\/\/chisinaucentru.md\/en\/wp-json\/wp\/v2\/media\/96177"}],"wp:attachment":[{"href":"https:\/\/chisinaucentru.md\/en\/wp-json\/wp\/v2\/media?parent=96175"}],"wp:term":[{"taxonomy":"category","embeddable":true,"href":"https:\/\/chisinaucentru.md\/en\/wp-json\/wp\/v2\/categories?post=96175"},{"taxonomy":"post_tag","embeddable":true,"href":"https:\/\/chisinaucentru.md\/en\/wp-json\/wp\/v2\/tags?post=96175"}],"curies":[{"name":"wp","href":"https:\/\/api.w.org\/{rel}","templated":true}]}}