{"id":96026,"date":"2025-11-24T10:07:14","date_gmt":"2025-11-24T08:07:14","guid":{"rendered":"https:\/\/chisinaucentru.md\/?p=96026"},"modified":"2025-11-26T10:10:51","modified_gmt":"2025-11-26T08:10:51","slug":"spatii-verzi-17-23-noiembrie","status":"publish","type":"post","link":"https:\/\/chisinaucentru.md\/en\/spatii-verzi-17-23-noiembrie\/","title":{"rendered":"Spa\u021bii Verzi (17-23 noiembrie)"},"content":{"rendered":"<div class=\"vc_row wpb_row vc_row-fluid dt-default\" style=\"margin-top: 0px;margin-bottom: 0px\"><div class=\"wpb_column vc_column_container vc_col-sm-12\"><div class=\"vc_column-inner\"><div class=\"wpb_wrapper\">\n\t<div class=\"wpb_text_column wpb_content_element\" >\n\t\t<div class=\"wpb_wrapper\">\n\t\t\t<p><span style=\"color: #050505;\"><span style=\"font-family: Times New Roman, serif;\"><span style=\"font-size: large;\"><span lang=\"ro-RO\">Sumarul lucr\u0103rilor s\u0103pt\u0103m\u00e2nale de \u00eentre\u021binere \u0219i \u00eengrijire a spa\u021biilor verzi aflate \u00een gestiunea \u00ce.M. \u201eSpa\u021bii Verzi\u201d include ac\u021biuni de men\u021binere a ordinii, igienei \u0219i aspectului estetic al zonelor publice din sector, c\u00e2t \u0219i extinderea acestora, prin plant\u0103ri noi.<br \/>\n<\/span><\/span><\/span><\/span><\/p>\n<p><span style=\"color: #050505;\"><span style=\"font-family: Times New Roman, serif;\"><span style=\"font-size: large;\"><span lang=\"ro-RO\">Astfel, \u00een perioada 17-23 noiembrie 2025, au fost realizate lucr\u0103ri de plantare a arborilor \u0219i arbu\u0219tilor \u00een urm\u0103toarele loca\u021bii: Parcul Valea Morilor, bulevardul Iuri Gagarin, strada Vlaicu <\/span><\/span><\/span><\/span><\/p>\n<p><span style=\"color: #050505;\"><span style=\"font-family: Times New Roman, serif;\"><span style=\"font-size: large;\"><span lang=\"ro-RO\">P\u00eerc\u0103lab, strada Tighina, bulevardul \u0218tefan cel Mare \u0219i Sf\u00e2nt, strada Bucure\u0219ti, scuarul Mihai Eminescu, etc.<br \/>\n<\/span><\/span><\/span><\/span><\/p>\n<p><span style=\"color: #050505;\"><span style=\"font-family: Times New Roman, serif;\"><span style=\"font-size: large;\"><span lang=\"ro-RO\">Totodat\u0103, a fost salubrizat parcul Valea Morilor \u0219i scuarurilor aflate \u00een gestiune, spa\u021biile verzi de la aliniamentele stradale, af\u00e2narea solului la rodurile florale \u0219i \u00een alveolele copacilor, extragerea buturugilor de copaci, degajarea co\u0219urilor de gunoi,precum \u0219i alte lucr\u0103ri specifice de \u00eengrijire \u0219i \u00eentre\u021binere a spa\u021biilor publice \u00eenverzite din sectorul Centru.<br \/>\n<\/span><\/span><\/span><\/span><\/p>\n\n\t\t<\/div>\n\t<\/div>\n<\/div><\/div><\/div><\/div><div class=\"vc_row wpb_row vc_row-fluid dt-default\" style=\"margin-top: 0px;margin-bottom: 0px\"><div class=\"wpb_column vc_column_container vc_col-sm-12\"><div class=\"vc_column-inner\"><div class=\"wpb_wrapper\">\n<div class=\"vc_grid-container-wrapper vc_clearfix vc_grid-animation-fadeIn\">\n\t<div class=\"vc_grid-container vc_clearfix wpb_content_element vc_media_grid\" data-initial-loading-animation=\"fadeIn\" data-vc-grid-settings=\"{&quot;page_id&quot;:96026,&quot;style&quot;:&quot;all&quot;,&quot;action&quot;:&quot;vc_get_vc_grid_data&quot;,&quot;shortcode_id&quot;:&quot;1764144465526-9984d7054cf46a8c18da3a12af7292ac-0&quot;,&quot;tag&quot;:&quot;vc_media_grid&quot;}\" data-vc-request=\"https:\/\/chisinaucentru.md\/wp-admin\/admin-ajax.php\" data-vc-post-id=\"96026\" data-vc-public-nonce=\"39ce34e9ee\">\n\t\t\n\t<\/div>\n<\/div><\/div><\/div><\/div><\/div>","protected":false},"excerpt":{"rendered":"<p>Sumarul lucr\u0103rilor s\u0103pt\u0103m\u00e2nale de \u00eentre\u021binere \u0219i \u00eengrijire a spa\u021biilor verzi aflate \u00een gestiunea \u00ce.M. \u201eSpa\u021bii Verzi\u201d include ac\u021biuni de men\u021binere a ordinii, igienei \u0219i aspectului estetic al zonelor publice din sector, c\u00e2t \u0219i extinderea acestora, prin plant\u0103ri noi. Astfel, \u00een perioada 17-23 noiembrie 2025, au fost realizate lucr\u0103ri de plantare a arborilor \u0219i arbu\u0219tilor \u00een&hellip;<\/p>","protected":false},"author":1,"featured_media":96161,"comment_status":"open","ping_status":"open","sticky":false,"template":"","format":"standard","meta":[],"categories":[244],"tags":[],"acf":[],"_links":{"self":[{"href":"https:\/\/chisinaucentru.md\/en\/wp-json\/wp\/v2\/posts\/96026"}],"collection":[{"href":"https:\/\/chisinaucentru.md\/en\/wp-json\/wp\/v2\/posts"}],"about":[{"href":"https:\/\/chisinaucentru.md\/en\/wp-json\/wp\/v2\/types\/post"}],"author":[{"embeddable":true,"href":"https:\/\/chisinaucentru.md\/en\/wp-json\/wp\/v2\/users\/1"}],"replies":[{"embeddable":true,"href":"https:\/\/chisinaucentru.md\/en\/wp-json\/wp\/v2\/comments?post=96026"}],"version-history":[{"count":4,"href":"https:\/\/chisinaucentru.md\/en\/wp-json\/wp\/v2\/posts\/96026\/revisions"}],"predecessor-version":[{"id":96172,"href":"https:\/\/chisinaucentru.md\/en\/wp-json\/wp\/v2\/posts\/96026\/revisions\/96172"}],"wp:featuredmedia":[{"embeddable":true,"href":"https:\/\/chisinaucentru.md\/en\/wp-json\/wp\/v2\/media\/96161"}],"wp:attachment":[{"href":"https:\/\/chisinaucentru.md\/en\/wp-json\/wp\/v2\/media?parent=96026"}],"wp:term":[{"taxonomy":"category","embeddable":true,"href":"https:\/\/chisinaucentru.md\/en\/wp-json\/wp\/v2\/categories?post=96026"},{"taxonomy":"post_tag","embeddable":true,"href":"https:\/\/chisinaucentru.md\/en\/wp-json\/wp\/v2\/tags?post=96026"}],"curies":[{"name":"wp","href":"https:\/\/api.w.org\/{rel}","templated":true}]}}