{"id":94252,"date":"2025-09-30T13:41:55","date_gmt":"2025-09-30T10:41:55","guid":{"rendered":"https:\/\/chisinaucentru.md\/?p=94252"},"modified":"2025-10-01T13:44:01","modified_gmt":"2025-10-01T10:44:01","slug":"ruta-de-autobuz-spre-strada-calea-basarabiei","status":"publish","type":"post","link":"https:\/\/chisinaucentru.md\/en\/ruta-de-autobuz-spre-strada-calea-basarabiei\/","title":{"rendered":"Rut\u0103 de autobuz spre strada Calea Basarabiei"},"content":{"rendered":"<div class=\"vc_row wpb_row vc_row-fluid dt-default\" style=\"margin-top: 0px;margin-bottom: 0px\"><div class=\"wpb_column vc_column_container vc_col-sm-12\"><div class=\"vc_column-inner\"><div class=\"wpb_wrapper\">\n\t<div class=\"wpb_text_column wpb_content_element\" >\n\t\t<div class=\"wpb_wrapper\">\n\t\t\t<p><span style=\"color: #050505;\"><span style=\"font-family: Times New Roman, serif;\"><span style=\"font-size: large;\"><span lang=\"ro-RO\">Av\u00e2nd \u00een vedere numeroasele solicit\u0103ri parvenite din partea locuitorilor, Prim\u0103ria Municipiului Chi\u0219in\u0103u anun\u021b\u0103 lansarea, cu titlu de proiect pilot, a rutei de autobuz nr. 50 \u201cstr. Henri Coand\u0103 \u2013 str. Varnita\u201d, cu urm\u0103torul itinerar:<br \/>\n<\/span><\/span><\/span><\/span><\/p>\n<p><span style=\"color: #050505;\"><span style=\"font-family: Times New Roman, serif;\"><span style=\"font-size: large;\"><span lang=\"ro-RO\">Tur: str. Henri Coand\u0103 \u2013 Pia\u021ba Dimitrie Cantemir \u2013 bd. \u0218tefan cel Mare \u0219i Sf\u00e2nt \u2013 str. Mihai Viteazul \u2013 str. Petricani \u2013 str. Calea Mo\u0219ilor \u2013 str. Calea Basarabiei<br \/>\n<\/span><\/span><\/span><\/span><\/p>\n<p><span style=\"color: #050505;\"><span style=\"font-family: Times New Roman, serif;\"><span style=\"font-size: large;\"><span lang=\"ro-RO\">Retur: str. Varnita \u2013 str. Ismail \u2013 str. Calea Mo\u0219ilor \u2013 str. Petricani \u2013 str. Mihai Viteazul \u2013 str. Columna \u2013 str. Henri Coand\u0103<br \/>\n<\/span><\/span><\/span><\/span><\/p>\n<p><span style=\"color: #050505;\"><span style=\"font-family: Times New Roman, serif;\"><span style=\"font-size: large;\"><span lang=\"ro-RO\">Sta\u021bii noi pe traseu:<br \/>\n\u2013 Pe Calea Mo\u0219ilor: Calea Mo\u0219ilor 15, 7A, 1B<br \/>\n\u2013 Pe Calea Basarabiei: Calea Basarabiei 4, T\u0103b\u0103c\u0103ria Veche (din Calea Basarabiei 10\/2), Haltei (din Calea Basarabiei 16), Calea Basarabiei 34 \u0219i 42<br \/>\n\u2013 Pe str. Varnita: Lunca B\u00eecului (din str. Varni\u021ba 32), Varnita 22, Varnita 12, Varnita 6\/1, Uzinelor 12A, Uzinelor 8\/1, Varnita 2\/12<br \/>\n\u2013 Pe Calea Mo\u0219ilor (retur): Pia\u021ba Calea Basarabiei, Calea Mo\u0219ilor 6, Andrei Doga (din Calea Mo\u0219ilor 28)<br \/>\n<\/span><\/span><\/span><\/span><\/p>\n<p><span style=\"color: #050505;\"><span style=\"font-family: Times New Roman, serif;\"><span style=\"font-size: large;\"><span lang=\"ro-RO\">Sta\u021bia terminus &#8211; str. Henri Coand\u0103<br \/>\n<\/span><\/span><\/span><\/span><\/p>\n<p><span style=\"color: #050505;\"><span style=\"font-family: Times New Roman, serif;\"><span style=\"font-size: large;\"><span lang=\"ro-RO\">Proiectul se desf\u0103\u0219oar\u0103 pe o perioad\u0103 de dou\u0103 luni.<br \/>\n<\/span><\/span><\/span><\/span><\/p>\n<p><span style=\"color: #050505;\"><span style=\"font-family: Times New Roman, serif;\"><span style=\"font-size: large;\"><span lang=\"ro-RO\">Municipalitatea \u00ee\u0219i reafirm\u0103 angajamentul de a adapta serviciile de transport public la necesit\u0103\u021bile c\u0103l\u0103torilor \u0219i de a cre\u0219te nivelul de confort \u0219i siguran\u021b\u0103.<\/span><\/span><\/span><\/span><\/p>\n\n\t\t<\/div>\n\t<\/div>\n<\/div><\/div><\/div><\/div><div class=\"vc_row wpb_row vc_row-fluid dt-default\" style=\"margin-top: 0px;margin-bottom: 0px\"><div class=\"wpb_column vc_column_container vc_col-sm-12\"><div class=\"vc_column-inner\"><div class=\"wpb_wrapper\">\n<div class=\"vc_grid-container-wrapper vc_clearfix vc_grid-animation-fadeIn\">\n\t<div class=\"vc_grid-container vc_clearfix wpb_content_element vc_media_grid\" data-initial-loading-animation=\"fadeIn\" data-vc-grid-settings=\"{&quot;page_id&quot;:94252,&quot;style&quot;:&quot;all&quot;,&quot;action&quot;:&quot;vc_get_vc_grid_data&quot;,&quot;shortcode_id&quot;:&quot;1759315417152-562689b407b900a5417d29ce2fcad647-8&quot;,&quot;tag&quot;:&quot;vc_media_grid&quot;}\" data-vc-request=\"https:\/\/chisinaucentru.md\/wp-admin\/admin-ajax.php\" data-vc-post-id=\"94252\" data-vc-public-nonce=\"834cf87f23\">\n\t\t\n\t<\/div>\n<\/div><\/div><\/div><\/div><\/div>","protected":false},"excerpt":{"rendered":"<p>Av\u00e2nd \u00een vedere numeroasele solicit\u0103ri parvenite din partea locuitorilor, Prim\u0103ria Municipiului Chi\u0219in\u0103u anun\u021b\u0103 lansarea, cu titlu de proiect pilot, a rutei de autobuz nr. 50 \u201cstr. Henri Coand\u0103 \u2013 str. Varnita\u201d, cu urm\u0103torul itinerar: Tur: str. Henri Coand\u0103 \u2013 Pia\u021ba Dimitrie Cantemir \u2013 bd. \u0218tefan cel Mare \u0219i Sf\u00e2nt \u2013 str. Mihai Viteazul \u2013 str.&hellip;<\/p>","protected":false},"author":1,"featured_media":94254,"comment_status":"open","ping_status":"open","sticky":false,"template":"","format":"standard","meta":[],"categories":[244],"tags":[],"acf":[],"_links":{"self":[{"href":"https:\/\/chisinaucentru.md\/en\/wp-json\/wp\/v2\/posts\/94252"}],"collection":[{"href":"https:\/\/chisinaucentru.md\/en\/wp-json\/wp\/v2\/posts"}],"about":[{"href":"https:\/\/chisinaucentru.md\/en\/wp-json\/wp\/v2\/types\/post"}],"author":[{"embeddable":true,"href":"https:\/\/chisinaucentru.md\/en\/wp-json\/wp\/v2\/users\/1"}],"replies":[{"embeddable":true,"href":"https:\/\/chisinaucentru.md\/en\/wp-json\/wp\/v2\/comments?post=94252"}],"version-history":[{"count":3,"href":"https:\/\/chisinaucentru.md\/en\/wp-json\/wp\/v2\/posts\/94252\/revisions"}],"predecessor-version":[{"id":94258,"href":"https:\/\/chisinaucentru.md\/en\/wp-json\/wp\/v2\/posts\/94252\/revisions\/94258"}],"wp:featuredmedia":[{"embeddable":true,"href":"https:\/\/chisinaucentru.md\/en\/wp-json\/wp\/v2\/media\/94254"}],"wp:attachment":[{"href":"https:\/\/chisinaucentru.md\/en\/wp-json\/wp\/v2\/media?parent=94252"}],"wp:term":[{"taxonomy":"category","embeddable":true,"href":"https:\/\/chisinaucentru.md\/en\/wp-json\/wp\/v2\/categories?post=94252"},{"taxonomy":"post_tag","embeddable":true,"href":"https:\/\/chisinaucentru.md\/en\/wp-json\/wp\/v2\/tags?post=94252"}],"curies":[{"name":"wp","href":"https:\/\/api.w.org\/{rel}","templated":true}]}}