{"id":94169,"date":"2025-09-21T10:50:10","date_gmt":"2025-09-21T07:50:10","guid":{"rendered":"https:\/\/chisinaucentru.md\/?p=94169"},"modified":"2025-09-25T10:53:06","modified_gmt":"2025-09-25T07:53:06","slug":"mesajul-pretorului-sectorului-centru-vadim-hincu-cu-prilejul-zilei-lucratorului-din-sfera-protectiei-sociale","status":"publish","type":"post","link":"https:\/\/chisinaucentru.md\/en\/mesajul-pretorului-sectorului-centru-vadim-hincu-cu-prilejul-zilei-lucratorului-din-sfera-protectiei-sociale\/","title":{"rendered":"Mesajul Pretorului sectorului Centru, Vadim H\u00eencu, cu prilejul Zilei lucr\u0103torului din sfera protec\u0163iei sociale"},"content":{"rendered":"<div class=\"vc_row wpb_row vc_row-fluid dt-default\" style=\"margin-top: 0px;margin-bottom: 0px\"><div class=\"wpb_column vc_column_container vc_col-sm-12\"><div class=\"vc_column-inner\"><div class=\"wpb_wrapper\">\n\t<div class=\"wpb_text_column wpb_content_element\" >\n\t\t<div class=\"wpb_wrapper\">\n\t\t\t<p><span style=\"color: #050505;\"><span style=\"font-family: Times New Roman, serif;\"><span style=\"font-size: large;\"><span lang=\"ro-RO\">Cu prilejul s\u0103rb\u0103torii profesionale &#8222;Ziua lucr\u0103torului din sfera protec\u0163iei sociale&#8221;, aduc sincere felicit\u0103ri \u015fi ur\u0103ri de bine colectivului Direc\u021biei Asisten\u021b\u0103 Social\u0103 CENTRU.<\/span><\/span><\/span><\/span><\/p>\n<p><span style=\"color: #050505;\"><span style=\"font-family: Times New Roman, serif;\"><span style=\"font-size: large;\"><span lang=\"ro-RO\">Profesia dumneavoastr\u0103 este una dificil\u0103 \u0219i neostenit\u0103 care necesit\u0103 rezisten\u021b\u0103 \u0219i efort considerabil, de r\u00e2nd cu grij\u0103 \u0219i dragoste fa\u021b\u0103 de cel apropiat.<\/span><\/span><\/span><\/span><\/p>\n<p><span style=\"color: #050505;\"><span style=\"font-family: Times New Roman, serif;\"><span style=\"font-size: large;\"><span lang=\"ro-RO\">F\u0103r\u0103 a m\u0103sura timpul aflat la serviciu, \u00eentotdeauna sunte\u0163i receptive \u015fi generoase, \u015fti\u0163i s\u0103 sus\u0163ine\u0163i speran\u0163a persoanelor \u00een etate \u015fi celora, care \u00een virtutea \u00eemprejur\u0103rilor, s-au pomenit \u00een situa\u0163ii de dificultate.<\/span><\/span><\/span><\/span><\/p>\n<p><span style=\"color: #050505;\"><span style=\"font-family: Times New Roman, serif;\"><span style=\"font-size: large;\"><span lang=\"ro-RO\">V\u0103 urez mult\u0103 s\u0103n\u0103tate \u0219i for\u021be suficiente pentru a putea fi al\u0103turi de cei pentru care sunte\u021bi sprijin, iar activitatea profesional\u0103 \u00eendeplinit\u0103 cu dedica\u021bie \u0219i perspicacitate s\u0103 fie \u00eencununat\u0103 cu mult succes spre binele locuitorilor din sectorul Centru.<\/span><\/span><\/span><\/span><\/p>\n<p><span style=\"color: #050505;\"><span style=\"font-family: Times New Roman, serif;\"><span style=\"font-size: large;\"><span lang=\"ro-RO\"><em><strong>Cu respect, Vadim H\u00ceNCU<\/strong><\/em><br \/>\n<em><strong>Pretorul sectorului Centru<\/strong><\/em><br \/>\n<\/span><\/span><\/span><\/span><\/p>\n\n\t\t<\/div>\n\t<\/div>\n<\/div><\/div><\/div><\/div><div class=\"vc_row wpb_row vc_row-fluid dt-default\" style=\"margin-top: 0px;margin-bottom: 0px\"><div class=\"wpb_column vc_column_container vc_col-sm-12\"><div class=\"vc_column-inner\"><div class=\"wpb_wrapper\">\n<div class=\"vc_grid-container-wrapper vc_clearfix vc_grid-animation-fadeIn\">\n\t<div class=\"vc_grid-container vc_clearfix wpb_content_element vc_media_grid\" data-initial-loading-animation=\"fadeIn\" data-vc-grid-settings=\"{&quot;page_id&quot;:94169,&quot;style&quot;:&quot;all&quot;,&quot;action&quot;:&quot;vc_get_vc_grid_data&quot;,&quot;shortcode_id&quot;:&quot;1758786747612-7069f7a540d1c84f9ca42111a7f5cf6d-7&quot;,&quot;tag&quot;:&quot;vc_media_grid&quot;}\" data-vc-request=\"https:\/\/chisinaucentru.md\/wp-admin\/admin-ajax.php\" data-vc-post-id=\"94169\" data-vc-public-nonce=\"71e3d605dc\">\n\t\t\n\t<\/div>\n<\/div><\/div><\/div><\/div><\/div>","protected":false},"excerpt":{"rendered":"<p>Cu prilejul s\u0103rb\u0103torii profesionale &#8222;Ziua lucr\u0103torului din sfera protec\u0163iei sociale&#8221;, aduc sincere felicit\u0103ri \u015fi ur\u0103ri de bine colectivului Direc\u021biei Asisten\u021b\u0103 Social\u0103 CENTRU. Profesia dumneavoastr\u0103 este una dificil\u0103 \u0219i neostenit\u0103 care necesit\u0103 rezisten\u021b\u0103 \u0219i efort considerabil, de r\u00e2nd cu grij\u0103 \u0219i dragoste fa\u021b\u0103 de cel apropiat. F\u0103r\u0103 a m\u0103sura timpul aflat la serviciu, \u00eentotdeauna sunte\u0163i receptive&hellip;<\/p>","protected":false},"author":1,"featured_media":94172,"comment_status":"open","ping_status":"open","sticky":false,"template":"","format":"standard","meta":[],"categories":[244],"tags":[],"acf":[],"_links":{"self":[{"href":"https:\/\/chisinaucentru.md\/en\/wp-json\/wp\/v2\/posts\/94169"}],"collection":[{"href":"https:\/\/chisinaucentru.md\/en\/wp-json\/wp\/v2\/posts"}],"about":[{"href":"https:\/\/chisinaucentru.md\/en\/wp-json\/wp\/v2\/types\/post"}],"author":[{"embeddable":true,"href":"https:\/\/chisinaucentru.md\/en\/wp-json\/wp\/v2\/users\/1"}],"replies":[{"embeddable":true,"href":"https:\/\/chisinaucentru.md\/en\/wp-json\/wp\/v2\/comments?post=94169"}],"version-history":[{"count":3,"href":"https:\/\/chisinaucentru.md\/en\/wp-json\/wp\/v2\/posts\/94169\/revisions"}],"predecessor-version":[{"id":94179,"href":"https:\/\/chisinaucentru.md\/en\/wp-json\/wp\/v2\/posts\/94169\/revisions\/94179"}],"wp:featuredmedia":[{"embeddable":true,"href":"https:\/\/chisinaucentru.md\/en\/wp-json\/wp\/v2\/media\/94172"}],"wp:attachment":[{"href":"https:\/\/chisinaucentru.md\/en\/wp-json\/wp\/v2\/media?parent=94169"}],"wp:term":[{"taxonomy":"category","embeddable":true,"href":"https:\/\/chisinaucentru.md\/en\/wp-json\/wp\/v2\/categories?post=94169"},{"taxonomy":"post_tag","embeddable":true,"href":"https:\/\/chisinaucentru.md\/en\/wp-json\/wp\/v2\/tags?post=94169"}],"curies":[{"name":"wp","href":"https:\/\/api.w.org\/{rel}","templated":true}]}}