{"id":93862,"date":"2025-08-30T12:15:14","date_gmt":"2025-08-30T09:15:14","guid":{"rendered":"https:\/\/chisinaucentru.md\/?p=93862"},"modified":"2025-09-03T12:20:04","modified_gmt":"2025-09-03T09:20:04","slug":"reorganizarea-circulatiei-transportului-public-2","status":"publish","type":"post","link":"https:\/\/chisinaucentru.md\/en\/reorganizarea-circulatiei-transportului-public-2\/","title":{"rendered":"Reorganizarea circula\u021biei transportului public"},"content":{"rendered":"<div class=\"vc_row wpb_row vc_row-fluid dt-default\" style=\"margin-top: 0px;margin-bottom: 0px\"><div class=\"wpb_column vc_column_container vc_col-sm-12\"><div class=\"vc_column-inner\"><div class=\"wpb_wrapper\">\n\t<div class=\"wpb_text_column wpb_content_element\" >\n\t\t<div class=\"wpb_wrapper\">\n\t\t\t<p><span style=\"color: #050505;\"><span style=\"font-family: Times New Roman, serif;\"><span style=\"font-size: large;\"><span lang=\"ro-RO\">Prim\u0103ria Municipiului Chi\u0219in\u0103u informeaz\u0103 c\u0103 \u00een perioada: 30 august, ora 18:00 \u2013 31 august 2025, ora 14:00, va fi sistat\u0103 circula\u021bia transportului pe bd. \u0218tefan cel Mare \u0219i Sf\u00e2nt, tronsonul cuprins \u00eentre str. Mitropolit G. B\u0103nulescu \u2013 Bodoni \u0219i str. A. Pu\u0219kin.<\/span><\/span><\/span><\/span><\/p>\n<p><span style=\"color: #050505;\"><span style=\"font-family: Times New Roman, serif;\"><span style=\"font-size: large;\"><span lang=\"ro-RO\">M\u0103sura a fost luat\u0103 \u00een leg\u0103tur\u0103 cu organizarea \u0219i desf\u0103\u0219urarea evenimentului \u201eMarea Dictare Na\u021bional\u0103\u201d, dedicat Zilei Limbii Rom\u00e2ne de c\u0103tre Ministerul Educa\u021biei \u0219i Cercet\u0103rii a Republicii Moldova.<\/span><\/span><\/span><\/span><\/p>\n<p><span style=\"color: #050505;\"><span style=\"font-family: Times New Roman, serif;\"><span style=\"font-size: large;\"><span lang=\"ro-RO\">\u00cen perioada enun\u021bat\u0103, circula\u021bia troleibuzelor \u0219i autobuzelor de rut\u0103 va fi organizat\u0103 pe str\u0103zile adiacente.<br \/>\n<strong>TROLEIBUZE<\/strong><br \/>\n&#8211; Rutele nr. 1, nr. 5, nr. 8 \u0219i nr. 22 vor fi redirec\u021bionate pe str. Bucure\u0219ti (tur-retur);<br \/>\n&#8211; Ruta nr. 4, spre sectorul Buiucani: pe str. Ciuflea, str. Bucure\u0219ti, iar spre sectorul Botanica, de pe str. Vasile Lupu pe str. A. Mateevici, str. A. Pu\u0219kin, bd. \u0218tefan cel Mare \u0219i Sf\u00e2nt \u0219i \u00een continuare pe traseul stabilit;<br \/>\n&#8211; Ruta nr. 34, spre sectorul Centru: pe str. A. \u0218ciusev, str. Bucure\u0219ti, iar spre comuna Tru\u0219eni: de pe bd. \u0218tefan cel Mare \u0219i Sf\u00e2nt pe str. V. Alecsandri, str. Bucure\u0219ti, str. A. \u0218ciusev \u0219i \u00een continuare pe traseul stabilit;<\/span><\/span><\/span><\/span><\/p>\n<p><span style=\"color: #050505;\"><span style=\"font-family: Times New Roman, serif;\"><span style=\"font-size: large;\"><span lang=\"ro-RO\"><strong>AUTOBUZE<\/strong><br \/>\n&#8211; Ruta nr. 5, se modific\u0103 dup\u0103 cum urmeaz\u0103: tur: pe traseul stabilit, iar retur de pe str. G. B\u0103nulescu-Bodoni pe str. M. Kog\u0103lniceanu, str. A. Pu\u0219kin, bd. \u0218tefan cel Mare \u0219i Sf\u00e2nt;<br \/>\n&#8211; Ruta nr. 8 se modific\u0103 dup\u0103 cum urmeaz\u0103: tur: de pe bd. \u0218tefan cel Mare \u0219i Sf\u00e2nt pe str. Mitropolit G. B\u0103nulescu-Bodoni, str. M. Kog\u0103lniceanu, str. Al. Pu\u0219kin, bd. \u0218tefan cel Mare \u0219i Sf\u00e2nt \u0219i \u00een continuare pe traseul stabilit, iar retur: de pe bd. \u0218tefan cel Mare \u0219i Sf\u00e2nt pe str. A. Pu\u0219kin, str. Alexandru cel Bun, str. Mitropolit G. B\u0103nulescu-Bodoni, bd. \u0218tefan cel Mare \u0219i Sf\u00e2nt \u0219i \u00een continuare pe traseul stabilit;<br \/>\n&#8211; Ruta nr. 11 se modific\u0103 dup\u0103 cum urmeaz\u0103: tur\/retur de pe bd. \u0218tefan cel Mare \u0219i Sf\u00e2nt pe str. A. Pu\u0219kin, str. Alexandru cel Bun, str. Mitropolit G. B\u0103nulescu-Bodoni, bd. \u0218tefan cel Mare \u0219i Sf\u00e2nt \u0219i \u00een continuare pe traseul stabilit;<br \/>\n&#8211; Ruta nr. 26 se modific\u0103 dup\u0103 cum urmeaz\u0103: tur: de pe bd. \u0218tefan cel Mare \u0219i Sf\u00e2nt pe str. G. B\u0103nulescu-Bodoni pe str. M. Kog\u0103lniceanu, str. A. Pu\u0219kin \u0219i \u00een continuare pe traseul stabilit, iar retur pe traseul stabilit;<br \/>\n&#8211; Ruta nr. 46 se modific\u0103 dup\u0103 cum urmeaz\u0103: tur: de pe bd. \u0218tefan cel Mare \u0219i Sf\u00e2nt pe str. A. Pu\u0219kin, str. Alexandru cel Bun, str. Mitropolit G. B\u0103nulescu-Bodoni, bd. \u0218tefan cel Mare \u0219i Sf\u00e2nt \u0219i \u00een continuare pe traseul stabilit, iar retur: de pe bd. \u0218tefan cel Mare \u0219i Sf\u00e2nt pe str. Mitropolit G. B\u0103nulescu-Bodoni, str. M. Kog\u0103lniceanu, str. A. Pu\u0219kin, bd. \u0218tefan cel Mare \u0219i Sf\u00e2nt \u0219i \u00een continuare pe traseul stabilit.<\/span><\/span><\/span><\/span><\/p>\n<p><span style=\"color: #050505;\"><span style=\"font-family: Times New Roman, serif;\"><span style=\"font-size: large;\"><span lang=\"ro-RO\">Pe data de 30 \u0219i 31 august 2025, se suspenda \u0219i activitatea troleibuzului turistic.<\/span><\/span><\/span><\/span><\/p>\n<p><span style=\"color: #050505;\"><span style=\"font-family: Times New Roman, serif;\"><span style=\"font-size: large;\"><span lang=\"ro-RO\">Conduc\u0103torii auto sunt \u00eendemna\u0163i s\u0103 se conformeze cerin\u021belor agen\u021bilor de circula\u021bie, s\u0103 manifeste r\u0103bdare \u0219i disciplin\u0103 \u00een trafic, f\u0103r\u0103 abateri de la Regulamentul circula\u021biei rutiere.<br \/>\n<\/span><\/span><\/span><\/span><\/p>\n\n\t\t<\/div>\n\t<\/div>\n<\/div><\/div><\/div><\/div><div class=\"vc_row wpb_row vc_row-fluid dt-default\" style=\"margin-top: 0px;margin-bottom: 0px\"><div class=\"wpb_column vc_column_container vc_col-sm-12\"><div class=\"vc_column-inner\"><div class=\"wpb_wrapper\">\n\t<div  class=\"wpb_single_image wpb_content_element vc_align_left\">\n\t\t\n\t\t<figure class=\"wpb_wrapper vc_figure\">\n\t\t\t<div class=\"vc_single_image-wrapper   vc_box_border_grey\"><img width=\"1200\" height=\"1006\" src=\"https:\/\/chisinaucentru.md\/wp-content\/uploads\/2025\/08\/1-16.jpg\" class=\"vc_single_image-img attachment-full\" alt=\"\" loading=\"lazy\" title=\"1\" srcset=\"https:\/\/chisinaucentru.md\/wp-content\/uploads\/2025\/08\/1-16.jpg 1200w, https:\/\/chisinaucentru.md\/wp-content\/uploads\/2025\/08\/1-16-300x252.jpg 300w, https:\/\/chisinaucentru.md\/wp-content\/uploads\/2025\/08\/1-16-1024x858.jpg 1024w, https:\/\/chisinaucentru.md\/wp-content\/uploads\/2025\/08\/1-16-768x644.jpg 768w, https:\/\/chisinaucentru.md\/wp-content\/uploads\/2025\/08\/1-16-14x12.jpg 14w\" sizes=\"(max-width: 1200px) 100vw, 1200px\"  data-dt-location=\"https:\/\/chisinaucentru.md\/en\/reorganizarea-circulatiei-transportului-public-2\/1-1232\/\" \/><\/div>\n\t\t<\/figure>\n\t<\/div>\n<\/div><\/div><\/div><\/div>","protected":false},"excerpt":{"rendered":"<p>Prim\u0103ria Municipiului Chi\u0219in\u0103u informeaz\u0103 c\u0103 \u00een perioada: 30 august, ora 18:00 \u2013 31 august 2025, ora 14:00, va fi sistat\u0103 circula\u021bia transportului pe bd. \u0218tefan cel Mare \u0219i Sf\u00e2nt, tronsonul cuprins \u00eentre str. Mitropolit G. B\u0103nulescu \u2013 Bodoni \u0219i str. A. Pu\u0219kin. M\u0103sura a fost luat\u0103 \u00een leg\u0103tur\u0103 cu organizarea \u0219i desf\u0103\u0219urarea evenimentului \u201eMarea Dictare&hellip;<\/p>","protected":false},"author":1,"featured_media":93864,"comment_status":"open","ping_status":"open","sticky":false,"template":"","format":"standard","meta":[],"categories":[244],"tags":[],"acf":[],"_links":{"self":[{"href":"https:\/\/chisinaucentru.md\/en\/wp-json\/wp\/v2\/posts\/93862"}],"collection":[{"href":"https:\/\/chisinaucentru.md\/en\/wp-json\/wp\/v2\/posts"}],"about":[{"href":"https:\/\/chisinaucentru.md\/en\/wp-json\/wp\/v2\/types\/post"}],"author":[{"embeddable":true,"href":"https:\/\/chisinaucentru.md\/en\/wp-json\/wp\/v2\/users\/1"}],"replies":[{"embeddable":true,"href":"https:\/\/chisinaucentru.md\/en\/wp-json\/wp\/v2\/comments?post=93862"}],"version-history":[{"count":3,"href":"https:\/\/chisinaucentru.md\/en\/wp-json\/wp\/v2\/posts\/93862\/revisions"}],"predecessor-version":[{"id":93866,"href":"https:\/\/chisinaucentru.md\/en\/wp-json\/wp\/v2\/posts\/93862\/revisions\/93866"}],"wp:featuredmedia":[{"embeddable":true,"href":"https:\/\/chisinaucentru.md\/en\/wp-json\/wp\/v2\/media\/93864"}],"wp:attachment":[{"href":"https:\/\/chisinaucentru.md\/en\/wp-json\/wp\/v2\/media?parent=93862"}],"wp:term":[{"taxonomy":"category","embeddable":true,"href":"https:\/\/chisinaucentru.md\/en\/wp-json\/wp\/v2\/categories?post=93862"},{"taxonomy":"post_tag","embeddable":true,"href":"https:\/\/chisinaucentru.md\/en\/wp-json\/wp\/v2\/tags?post=93862"}],"curies":[{"name":"wp","href":"https:\/\/api.w.org\/{rel}","templated":true}]}}