{"id":93780,"date":"2025-08-28T12:22:42","date_gmt":"2025-08-28T09:22:42","guid":{"rendered":"https:\/\/chisinaucentru.md\/?p=93780"},"modified":"2025-08-29T12:26:58","modified_gmt":"2025-08-29T09:26:58","slug":"ruta-de-autobuz-nr-14-extinsa-pana-in-cartierul-nevazatorilor","status":"publish","type":"post","link":"https:\/\/chisinaucentru.md\/en\/ruta-de-autobuz-nr-14-extinsa-pana-in-cartierul-nevazatorilor\/","title":{"rendered":"Ruta de autobuz nr. 14-extins\u0103 p\u00e2n\u0103 \u00een cartierul nev\u0103z\u0103torilor"},"content":{"rendered":"<div class=\"vc_row wpb_row vc_row-fluid dt-default\" style=\"margin-top: 0px;margin-bottom: 0px\"><div class=\"wpb_column vc_column_container vc_col-sm-12\"><div class=\"vc_column-inner\"><div class=\"wpb_wrapper\">\n\t<div class=\"wpb_text_column wpb_content_element\" >\n\t\t<div class=\"wpb_wrapper\">\n\t\t\t<p><span style=\"color: #050505;\"><span style=\"font-family: Times New Roman, serif;\"><span style=\"font-size: large;\"><span lang=\"ro-RO\">\u00cen diminea\u021ba acestei zile, Pretorul sectorului Centru, Vadim H\u00eencu \u0219i Primarul General al municipiului Chi\u0219in\u0103u, Ion Ceban au fost la Telecentru pentru a anun\u021ba locuitorilor din regiune vestea mult a\u0219teptat\u0103- autobuzul nr. 14 va trece, \u00eencep\u00e2nd de ast\u0103zi, \u0219i pe strada Drumul Viilor.<br \/>\n<\/span><\/span><\/span><\/span><\/p>\n<p><span style=\"color: #050505;\"><span style=\"font-family: Times New Roman, serif;\"><span style=\"font-size: large;\"><span lang=\"ro-RO\">Itinerarul liniei a fost prelungit p\u00e2n\u0103 \u00een Centrul capitalei, f\u0103c\u00e2nd conexiune cu bulevardul \u0218tefan cel Mare \u0219i Sf\u00e2nt (Pia\u021ba Marii Adun\u0103ri Na\u021bionale), \u0219i va deservi c\u0103l\u0103torii de pe str\u0103zile Pietrarilor, Drumul Viilor \u0219i Academiei din cartierul Telecentru.<br \/>\n<\/span><\/span><\/span><\/span><\/p>\n<p><span style=\"color: #050505;\"><span style=\"font-family: Times New Roman, serif;\"><span style=\"font-size: large;\"><span lang=\"ro-RO\">Extinderea rutei a fost determinat\u0103 de cerin\u021bele cet\u0103\u021benilor din aceast\u0103 zon\u0103 a capitalei, pentru a asigura o leg\u0103tur\u0103 rapid\u0103 cu centrul ora\u0219ului \u0219i institu\u021biile publice.<br \/>\n<\/span><\/span><\/span><\/span><\/p>\n<p><span style=\"color: #050505;\"><span style=\"font-family: Times New Roman, serif;\"><span style=\"font-size: large;\"><span lang=\"ro-RO\">De asemenea, \u00een cartierul respectiv locuiesc \u0219i activeaz\u0103 institu\u021bii destinate persoanelor cu nevoi speciale.<br \/>\n<\/span><\/span><\/span><\/span><\/p>\n<p><span style=\"color: #050505;\"><span style=\"font-family: Times New Roman, serif;\"><span style=\"font-size: large;\"><span lang=\"ro-RO\">Un obiectiv major al municipalit\u0103\u021bii este asigurarea unor conexiuni rapide \u00eentre zonele capitalei, astfel \u00eenc\u00e2t cet\u0103\u021benii s\u0103 ajung\u0103 c\u00e2t mai eficient la destina\u021biile dorite.<br \/>\n<\/span><\/span><\/span><\/span><\/p>\n<p><span style=\"color: #050505;\"><span style=\"font-family: Times New Roman, serif;\"><span style=\"font-size: large;\"><span lang=\"ro-RO\">Pentru realizarea acestui itinerar, dar \u0219i altele, municipalitatea a achizi\u021bionat recent 367 de unit\u0103\u021bi de transport noi \u0219i rulate, dintre care 180 sunt autobuze.<br \/>\n<\/span><\/span><\/span><\/span><\/p>\n<p><span style=\"color: #050505;\"><span style=\"font-family: Times New Roman, serif;\"><span style=\"font-size: large;\"><span lang=\"ro-RO\">Totodat\u0103, o alt\u0103 m\u0103sur\u0103 implementat\u0103 a fost introducerea benzilor dedicate pe traseele principale, pentru a reduce timpul de deplasare \u0219i de a\u0219teptare \u00een sta\u021bii.<br \/>\n<\/span><\/span><\/span><\/span><\/p>\n<p><span style=\"color: #050505;\"><span style=\"font-family: Times New Roman, serif;\"><span style=\"font-size: large;\"><span lang=\"ro-RO\">\u00cen cartierul Telecentru, Prim\u0103ria Chi\u0219in\u0103u \u0219i Pretura Centru a realizat mai multe lucr\u0103ri de infrastructur\u0103, \u00een suportul persoanelor cu deficien\u021be de vedere printre care: balustrade, semafoare sonore \u0219i un scuar adaptat pentru persoanele cu necesit\u0103\u021bi speciale.<br \/>\n<\/span><\/span><\/span><\/span><\/p>\n\n\t\t<\/div>\n\t<\/div>\n<\/div><\/div><\/div><\/div><div class=\"vc_row wpb_row vc_row-fluid dt-default\" style=\"margin-top: 0px;margin-bottom: 0px\"><div class=\"wpb_column vc_column_container vc_col-sm-12\"><div class=\"vc_column-inner\"><div class=\"wpb_wrapper\">\n<div class=\"vc_grid-container-wrapper vc_clearfix vc_grid-animation-fadeIn\">\n\t<div class=\"vc_grid-container vc_clearfix wpb_content_element vc_media_grid\" data-initial-loading-animation=\"fadeIn\" data-vc-grid-settings=\"{&quot;page_id&quot;:93780,&quot;style&quot;:&quot;all&quot;,&quot;action&quot;:&quot;vc_get_vc_grid_data&quot;,&quot;shortcode_id&quot;:&quot;1756459557125-f9783d43a6e0045126273bbaf24156ce-4&quot;,&quot;tag&quot;:&quot;vc_media_grid&quot;}\" data-vc-request=\"https:\/\/chisinaucentru.md\/wp-admin\/admin-ajax.php\" data-vc-post-id=\"93780\" data-vc-public-nonce=\"834cf87f23\">\n\t\t\n\t<\/div>\n<\/div><\/div><\/div><\/div><\/div>","protected":false},"excerpt":{"rendered":"<p>\u00cen diminea\u021ba acestei zile, Pretorul sectorului Centru, Vadim H\u00eencu \u0219i Primarul General al municipiului Chi\u0219in\u0103u, Ion Ceban au fost la Telecentru pentru a anun\u021ba locuitorilor din regiune vestea mult a\u0219teptat\u0103- autobuzul nr. 14 va trece, \u00eencep\u00e2nd de ast\u0103zi, \u0219i pe strada Drumul Viilor. Itinerarul liniei a fost prelungit p\u00e2n\u0103 \u00een Centrul capitalei, f\u0103c\u00e2nd conexiune cu&hellip;<\/p>","protected":false},"author":1,"featured_media":93783,"comment_status":"open","ping_status":"open","sticky":false,"template":"","format":"standard","meta":[],"categories":[244],"tags":[],"acf":[],"_links":{"self":[{"href":"https:\/\/chisinaucentru.md\/en\/wp-json\/wp\/v2\/posts\/93780"}],"collection":[{"href":"https:\/\/chisinaucentru.md\/en\/wp-json\/wp\/v2\/posts"}],"about":[{"href":"https:\/\/chisinaucentru.md\/en\/wp-json\/wp\/v2\/types\/post"}],"author":[{"embeddable":true,"href":"https:\/\/chisinaucentru.md\/en\/wp-json\/wp\/v2\/users\/1"}],"replies":[{"embeddable":true,"href":"https:\/\/chisinaucentru.md\/en\/wp-json\/wp\/v2\/comments?post=93780"}],"version-history":[{"count":3,"href":"https:\/\/chisinaucentru.md\/en\/wp-json\/wp\/v2\/posts\/93780\/revisions"}],"predecessor-version":[{"id":93803,"href":"https:\/\/chisinaucentru.md\/en\/wp-json\/wp\/v2\/posts\/93780\/revisions\/93803"}],"wp:featuredmedia":[{"embeddable":true,"href":"https:\/\/chisinaucentru.md\/en\/wp-json\/wp\/v2\/media\/93783"}],"wp:attachment":[{"href":"https:\/\/chisinaucentru.md\/en\/wp-json\/wp\/v2\/media?parent=93780"}],"wp:term":[{"taxonomy":"category","embeddable":true,"href":"https:\/\/chisinaucentru.md\/en\/wp-json\/wp\/v2\/categories?post=93780"},{"taxonomy":"post_tag","embeddable":true,"href":"https:\/\/chisinaucentru.md\/en\/wp-json\/wp\/v2\/tags?post=93780"}],"curies":[{"name":"wp","href":"https:\/\/api.w.org\/{rel}","templated":true}]}}