{"id":93637,"date":"2025-08-23T23:47:02","date_gmt":"2025-08-23T20:47:02","guid":{"rendered":"https:\/\/chisinaucentru.md\/?p=93637"},"modified":"2025-08-26T00:00:10","modified_gmt":"2025-08-25T21:00:10","slug":"vocea-generatiilor-rasuna-azi-in-inima-capitalei","status":"publish","type":"post","link":"https:\/\/chisinaucentru.md\/en\/vocea-generatiilor-rasuna-azi-in-inima-capitalei\/","title":{"rendered":"&#8222;Vocea Genera\u021biilor\u201d r\u0103sun\u0103 azi \u00een inima Capitalei"},"content":{"rendered":"<div class=\"vc_row wpb_row vc_row-fluid dt-default\" style=\"margin-top: 0px;margin-bottom: 0px\"><div class=\"wpb_column vc_column_container vc_col-sm-12\"><div class=\"vc_column-inner\"><div class=\"wpb_wrapper\">\n\t<div class=\"wpb_text_column wpb_content_element\" >\n\t\t<div class=\"wpb_wrapper\">\n\t\t\t<p><span style=\"color: #050505;\"><span style=\"font-family: Times New Roman, serif;\"><span style=\"font-size: large;\"><span lang=\"ro-RO\">Cea de-a 5 edi\u021bie a Festivalului-concurs interna\u021bional de poezie \u0219i c\u00e2ntec patriotic \u201cVocea Genera\u021biilor\u201d, \u0219i-a desf\u0103\u0219urat finala \u00een sala Preturii sectorului Centru, unde scena a devenit un altar al talentului \u0219i iubirii pentru \u021bar\u0103.<br \/>\n<\/span><\/span><\/span><\/span><\/p>\n<p><span style=\"color: #050505;\"><span style=\"font-family: Times New Roman, serif;\"><span style=\"font-size: large;\"><span lang=\"ro-RO\">Un florilegiu de arti\u0219ti de toate v\u00e2rstele \u0219i regiunile din Moldova, dar \u0219i din Rom\u00e2nia au adus cu dexteritate \u00een vers \u0219i c\u00e2nt nu doar arta, ci dorul, identitatea \u0219i speran\u021ba \u00eentr-un viitor sub semnul valorilor na\u021bionale, prilej de cinstire al acestora \u00een ajunul s\u0103rb\u0103torilor Ziua Independen\u021bei Republicii Moldova \u0219i Ziua Limbii Rom\u00e2ne.<br \/>\n<\/span><\/span><\/span><\/span><\/p>\n<p><span style=\"color: #050505;\"><span style=\"font-family: Times New Roman, serif;\"><span style=\"font-size: large;\"><span lang=\"ro-RO\">Evenimentul a fost onorat de prezen\u021ba doamnei Viceprimar, Angela Cutasevici, care a salutat moldovenii \u0219i rom\u00e2nii ajun\u0219i \u00een Capital\u0103 din Edine\u021b, B\u0103l\u021bi, Cahul, Telene\u0219ti, Ia\u0219i \u0219i Prahova. \u00cempreun\u0103 cu participan\u021bii din Chi\u0219in\u0103u \u0219i suburbiile municipiului, au fost 80 de concursan\u021bi, ale\u0219i din 800 de dosare aplicate la festivalul-concurs din acest an.<br \/>\n<\/span><\/span><\/span><\/span><\/p>\n<p><span style=\"color: #050505;\"><span style=\"font-family: Times New Roman, serif;\"><span style=\"font-size: large;\"><span lang=\"ro-RO\">Aprecierea m\u0103iestriei interpretative a fost \u00eencredin\u021bat\u0103 juriului select, printre membrii c\u0103ruia au fost 3 personalit\u0103\u021bi din Rom\u00e2nia:<br \/>\n\u2022 Oleg Sp\u00eenu- Ia\u0219i, pre\u0219edintele juriului, pre\u0219edintele Asocia\u021biei &#8222;Dreptul Basarabiei&#8221;, profesor universitar<br \/>\n\u2022 Paul Celmare- Ia\u0219i\/Bucure\u0219ti, tenor, actor al teatrului de oper\u0103 din Bucure\u0219ti \u0219i al altor teatre din Rom\u00e2nia<br \/>\n\u2022 Florica-Ofelia Harangu\u0219-Prahova, interpret\u0103 de muzic\u0103 popular\u0103<br \/>\n<\/span><\/span><\/span><\/span><\/p>\n<p><span style=\"color: #050505;\"><span style=\"font-family: Times New Roman, serif;\"><span style=\"font-size: large;\"><span lang=\"ro-RO\">Acest eveniment este organizat cu sus\u021binerea partenerilor din Rom\u00e2nia, la fel ca \u0219i multe alte proiecte culturale, sociale \u0219i de infrastructur\u0103 din sectorul Centru \u0219i din Chi\u0219in\u0103u, \u00eenc\u0103 un semn al rela\u021biilor durabile construite de-a lungul anilor \u0219i al spiritului cultural viu care str\u0103bate Capitala Republicii Moldova \u0219i Rom\u00e2nia.<br \/>\n<\/span><\/span><\/span><\/span><\/p>\n\n\t\t<\/div>\n\t<\/div>\n<\/div><\/div><\/div><\/div><div class=\"vc_row wpb_row vc_row-fluid dt-default\" style=\"margin-top: 0px;margin-bottom: 0px\"><div class=\"wpb_column vc_column_container vc_col-sm-12\"><div class=\"vc_column-inner\"><div class=\"wpb_wrapper\">\n<div class=\"vc_grid-container-wrapper vc_clearfix vc_grid-animation-fadeIn\">\n\t<div class=\"vc_grid-container vc_clearfix wpb_content_element vc_media_grid\" data-initial-loading-animation=\"fadeIn\" data-vc-grid-settings=\"{&quot;page_id&quot;:93637,&quot;style&quot;:&quot;all&quot;,&quot;action&quot;:&quot;vc_get_vc_grid_data&quot;,&quot;shortcode_id&quot;:&quot;1756155491210-224dd0c75aeac059788c4f08ea0665ec-9&quot;,&quot;tag&quot;:&quot;vc_media_grid&quot;}\" data-vc-request=\"https:\/\/chisinaucentru.md\/wp-admin\/admin-ajax.php\" data-vc-post-id=\"93637\" data-vc-public-nonce=\"834cf87f23\">\n\t\t\n\t<\/div>\n<\/div><\/div><\/div><\/div><\/div>","protected":false},"excerpt":{"rendered":"<p>Cea de-a 5 edi\u021bie a Festivalului-concurs interna\u021bional de poezie \u0219i c\u00e2ntec patriotic \u201cVocea Genera\u021biilor\u201d, \u0219i-a desf\u0103\u0219urat finala \u00een sala Preturii sectorului Centru, unde scena a devenit un altar al talentului \u0219i iubirii pentru \u021bar\u0103. Un florilegiu de arti\u0219ti de toate v\u00e2rstele \u0219i regiunile din Moldova, dar \u0219i din Rom\u00e2nia au adus cu dexteritate \u00een vers&hellip;<\/p>","protected":false},"author":1,"featured_media":93646,"comment_status":"open","ping_status":"open","sticky":false,"template":"","format":"standard","meta":[],"categories":[244],"tags":[],"acf":[],"_links":{"self":[{"href":"https:\/\/chisinaucentru.md\/en\/wp-json\/wp\/v2\/posts\/93637"}],"collection":[{"href":"https:\/\/chisinaucentru.md\/en\/wp-json\/wp\/v2\/posts"}],"about":[{"href":"https:\/\/chisinaucentru.md\/en\/wp-json\/wp\/v2\/types\/post"}],"author":[{"embeddable":true,"href":"https:\/\/chisinaucentru.md\/en\/wp-json\/wp\/v2\/users\/1"}],"replies":[{"embeddable":true,"href":"https:\/\/chisinaucentru.md\/en\/wp-json\/wp\/v2\/comments?post=93637"}],"version-history":[{"count":3,"href":"https:\/\/chisinaucentru.md\/en\/wp-json\/wp\/v2\/posts\/93637\/revisions"}],"predecessor-version":[{"id":93689,"href":"https:\/\/chisinaucentru.md\/en\/wp-json\/wp\/v2\/posts\/93637\/revisions\/93689"}],"wp:featuredmedia":[{"embeddable":true,"href":"https:\/\/chisinaucentru.md\/en\/wp-json\/wp\/v2\/media\/93646"}],"wp:attachment":[{"href":"https:\/\/chisinaucentru.md\/en\/wp-json\/wp\/v2\/media?parent=93637"}],"wp:term":[{"taxonomy":"category","embeddable":true,"href":"https:\/\/chisinaucentru.md\/en\/wp-json\/wp\/v2\/categories?post=93637"},{"taxonomy":"post_tag","embeddable":true,"href":"https:\/\/chisinaucentru.md\/en\/wp-json\/wp\/v2\/tags?post=93637"}],"curies":[{"name":"wp","href":"https:\/\/api.w.org\/{rel}","templated":true}]}}