{"id":93606,"date":"2025-08-20T17:25:55","date_gmt":"2025-08-20T14:25:55","guid":{"rendered":"https:\/\/chisinaucentru.md\/?p=93606"},"modified":"2025-08-21T17:30:12","modified_gmt":"2025-08-21T14:30:12","slug":"lansarea-ghidului-culinar-pentru-alimentatia-prescolarilor-la-pretura-sectorului-centru","status":"publish","type":"post","link":"https:\/\/chisinaucentru.md\/en\/lansarea-ghidului-culinar-pentru-alimentatia-prescolarilor-la-pretura-sectorului-centru\/","title":{"rendered":"Lansarea Ghidului culinar pentru alimenta\u021bia pre\u0219colarilor, la Pretura sectorului Centru"},"content":{"rendered":"<div class=\"vc_row wpb_row vc_row-fluid dt-default\" style=\"margin-top: 0px;margin-bottom: 0px\"><div class=\"wpb_column vc_column_container vc_col-sm-12\"><div class=\"vc_column-inner\"><div class=\"wpb_wrapper\">\n\t<div class=\"wpb_text_column wpb_content_element\" >\n\t\t<div class=\"wpb_wrapper\">\n\t\t\t<p><span style=\"color: #050505;\"><span style=\"font-family: Times New Roman, serif;\"><span style=\"font-size: large;\"><span lang=\"ro-RO\">Peste 250 de cadre didactice, manageri \u0219i speciali\u0219ti din domeniul educa\u021biei \u0219i s\u0103n\u0103t\u0103\u021bii s-au reunit ast\u0103zi la Pretura sectorului Centru pentru lansarea oficial\u0103 a Ghidului metodologic culinar pentru organizarea procesului de alimenta\u021bie din institu\u021biile de \u00eenv\u0103\u021b\u0103m\u00e2nt pre\u0219colar din municipiul Chi\u0219in\u0103u.<br \/>\n<\/span><\/span><\/span><\/span><\/p>\n<p><span style=\"color: #050505;\"><span style=\"font-family: Times New Roman, serif;\"><span style=\"font-size: large;\"><span lang=\"ro-RO\">Primarul General al municipiului Chi\u0219in\u0103u, Ion Ceban, prezent la lansare, a reafirmat angajamentul administra\u021biei locale de a investi \u00een s\u0103n\u0103tatea genera\u021biei \u00een cre\u0219tere.<br \/>\n<\/span><\/span><\/span><\/span><\/p>\n<p><span style=\"color: #050505;\"><span style=\"font-family: Times New Roman, serif;\"><span style=\"font-size: large;\"><span lang=\"ro-RO\">Viceprimarul, Angela Cutasevici \u0219i \u0218eful Direc\u021biei Generale Educa\u021bie, Tineret \u0219i Sport, Andrei Pavaloi, au fost al\u0103turi la eveniment, \u00eempreun\u0103 cu autorii ghidului \u0219i exper\u021bi \u00een nutri\u021bie \u0219i s\u0103n\u0103tate public\u0103.<br \/>\n<\/span><\/span><\/span><\/span><\/p>\n<p><span style=\"color: #050505;\"><span style=\"font-family: Times New Roman, serif;\"><span style=\"font-size: large;\"><span lang=\"ro-RO\">Documentul este la a doua editur\u0103, iar edi\u021bia aceasta reprezint\u0103 un demers inovator al Prim\u0103riei municipiului Chi\u0219in\u0103u, menit\u0103 s\u0103 \u00eembun\u0103t\u0103\u021beasc\u0103 calitatea alimenta\u021biei \u00een gr\u0103dini\u021be \u0219i s\u0103 sprijine dezvoltarea armonioas\u0103 a copiilor.<br \/>\n<\/span><\/span><\/span><\/span><\/p>\n\n\t\t<\/div>\n\t<\/div>\n<\/div><\/div><\/div><\/div><div class=\"vc_row wpb_row vc_row-fluid dt-default\" style=\"margin-top: 0px;margin-bottom: 0px\"><div class=\"wpb_column vc_column_container vc_col-sm-12\"><div class=\"vc_column-inner\"><div class=\"wpb_wrapper\">\n<div class=\"vc_grid-container-wrapper vc_clearfix vc_grid-animation-fadeIn\">\n\t<div class=\"vc_grid-container vc_clearfix wpb_content_element vc_media_grid\" data-initial-loading-animation=\"fadeIn\" data-vc-grid-settings=\"{&quot;page_id&quot;:93606,&quot;style&quot;:&quot;all&quot;,&quot;action&quot;:&quot;vc_get_vc_grid_data&quot;,&quot;shortcode_id&quot;:&quot;1755786558038-83a069a26f24bcdf6ddd5d8da9ae4c4b-7&quot;,&quot;tag&quot;:&quot;vc_media_grid&quot;}\" data-vc-request=\"https:\/\/chisinaucentru.md\/wp-admin\/admin-ajax.php\" data-vc-post-id=\"93606\" data-vc-public-nonce=\"39ce34e9ee\">\n\t\t\n\t<\/div>\n<\/div><\/div><\/div><\/div><\/div>","protected":false},"excerpt":{"rendered":"<p>Peste 250 de cadre didactice, manageri \u0219i speciali\u0219ti din domeniul educa\u021biei \u0219i s\u0103n\u0103t\u0103\u021bii s-au reunit ast\u0103zi la Pretura sectorului Centru pentru lansarea oficial\u0103 a Ghidului metodologic culinar pentru organizarea procesului de alimenta\u021bie din institu\u021biile de \u00eenv\u0103\u021b\u0103m\u00e2nt pre\u0219colar din municipiul Chi\u0219in\u0103u. Primarul General al municipiului Chi\u0219in\u0103u, Ion Ceban, prezent la lansare, a reafirmat angajamentul administra\u021biei locale&hellip;<\/p>","protected":false},"author":1,"featured_media":93608,"comment_status":"open","ping_status":"open","sticky":false,"template":"","format":"standard","meta":[],"categories":[244],"tags":[],"acf":[],"_links":{"self":[{"href":"https:\/\/chisinaucentru.md\/en\/wp-json\/wp\/v2\/posts\/93606"}],"collection":[{"href":"https:\/\/chisinaucentru.md\/en\/wp-json\/wp\/v2\/posts"}],"about":[{"href":"https:\/\/chisinaucentru.md\/en\/wp-json\/wp\/v2\/types\/post"}],"author":[{"embeddable":true,"href":"https:\/\/chisinaucentru.md\/en\/wp-json\/wp\/v2\/users\/1"}],"replies":[{"embeddable":true,"href":"https:\/\/chisinaucentru.md\/en\/wp-json\/wp\/v2\/comments?post=93606"}],"version-history":[{"count":4,"href":"https:\/\/chisinaucentru.md\/en\/wp-json\/wp\/v2\/posts\/93606\/revisions"}],"predecessor-version":[{"id":93638,"href":"https:\/\/chisinaucentru.md\/en\/wp-json\/wp\/v2\/posts\/93606\/revisions\/93638"}],"wp:featuredmedia":[{"embeddable":true,"href":"https:\/\/chisinaucentru.md\/en\/wp-json\/wp\/v2\/media\/93608"}],"wp:attachment":[{"href":"https:\/\/chisinaucentru.md\/en\/wp-json\/wp\/v2\/media?parent=93606"}],"wp:term":[{"taxonomy":"category","embeddable":true,"href":"https:\/\/chisinaucentru.md\/en\/wp-json\/wp\/v2\/categories?post=93606"},{"taxonomy":"post_tag","embeddable":true,"href":"https:\/\/chisinaucentru.md\/en\/wp-json\/wp\/v2\/tags?post=93606"}],"curies":[{"name":"wp","href":"https:\/\/api.w.org\/{rel}","templated":true}]}}