{"id":92989,"date":"2025-08-06T10:30:38","date_gmt":"2025-08-06T07:30:38","guid":{"rendered":"https:\/\/chisinaucentru.md\/?p=92989"},"modified":"2025-08-07T10:32:08","modified_gmt":"2025-08-07T07:32:08","slug":"dragi-chisinauieni-oriunde-v-ati-afla-pe-24-august-dorul-va-aduce-acasa","status":"publish","type":"post","link":"https:\/\/chisinaucentru.md\/en\/dragi-chisinauieni-oriunde-v-ati-afla-pe-24-august-dorul-va-aduce-acasa\/","title":{"rendered":"Dragi chi\u0219in\u0103uieni, oriunde v\u2013a\u021bi afla, pe 24 august, Dorul v\u0103 aduce acas\u0103"},"content":{"rendered":"<div class=\"vc_row wpb_row vc_row-fluid dt-default\" style=\"margin-top: 0px;margin-bottom: 0px\"><div class=\"wpb_column vc_column_container vc_col-sm-12\"><div class=\"vc_column-inner\"><div class=\"wpb_wrapper\">\n\t<div class=\"wpb_text_column wpb_content_element\" >\n\t\t<div class=\"wpb_wrapper\">\n\t\t\t<p><span style=\"color: #050505;\"><span style=\"font-family: Times New Roman, serif;\"><span style=\"font-size: large;\"><span lang=\"ro-RO\">Duminic\u0103, pe 24 august, de la ora 16:00 p\u00e2n\u0103 la 22:00, Prim\u0103ria Chi\u0219in\u0103u v\u0103 invit\u0103 la a doua edi\u021bie a Festivalului \u201eDor de Chi\u0219in\u0103u\u201d.<\/span><\/span><\/span><\/span><\/p>\n<p><span style=\"color: #050505;\"><span style=\"font-family: Times New Roman, serif;\"><span style=\"font-size: large;\"><span lang=\"ro-RO\">V\u0103 a\u0219teapt\u0103 muzic\u0103 live cu arti\u0219ti \u00eendr\u0103gi\u021bi din Moldova \u0219i din diaspor\u0103, mirosul bucatelor ca acas\u0103, ateliere de me\u0219te\u0219ug\u0103rit \u0219i crea\u021bie, activit\u0103\u021bi pentru copii, momente de relaxare \u0219i frumuse\u021be, art\u0103 \u00een aer liber.<\/span><\/span><\/span><\/span><\/p>\n<p><span style=\"color: #050505;\"><span style=\"font-family: Times New Roman, serif;\"><span style=\"font-size: large;\"><span lang=\"ro-RO\">Ne vedem pe strada pietonal\u0103 Eugen Doga.<\/span><\/span><\/span><\/span><\/p>\n<p><span style=\"color: #050505;\"><span style=\"font-family: Times New Roman, serif;\"><span style=\"font-size: large;\"><span lang=\"ro-RO\">Intrarea este liber\u0103.<br \/>\n<\/span><\/span><\/span><\/span><\/p>\n\n\t\t<\/div>\n\t<\/div>\n<\/div><\/div><\/div><\/div><div class=\"vc_row wpb_row vc_row-fluid dt-default\" style=\"margin-top: 0px;margin-bottom: 0px\"><div class=\"wpb_column vc_column_container vc_col-sm-12\"><div class=\"vc_column-inner\"><div class=\"wpb_wrapper\">\n\t<div  class=\"wpb_single_image wpb_content_element vc_align_left\">\n\t\t\n\t\t<figure class=\"wpb_wrapper vc_figure\">\n\t\t\t<div class=\"vc_single_image-wrapper   vc_box_border_grey\"><img width=\"1081\" height=\"1081\" src=\"https:\/\/chisinaucentru.md\/wp-content\/uploads\/2025\/08\/528996966_1175405891291122_3473511422484140945_n.jpg\" class=\"vc_single_image-img attachment-full\" alt=\"\" loading=\"lazy\" title=\"528996966_1175405891291122_3473511422484140945_n\" srcset=\"https:\/\/chisinaucentru.md\/wp-content\/uploads\/2025\/08\/528996966_1175405891291122_3473511422484140945_n.jpg 1081w, https:\/\/chisinaucentru.md\/wp-content\/uploads\/2025\/08\/528996966_1175405891291122_3473511422484140945_n-300x300.jpg 300w, https:\/\/chisinaucentru.md\/wp-content\/uploads\/2025\/08\/528996966_1175405891291122_3473511422484140945_n-1024x1024.jpg 1024w, https:\/\/chisinaucentru.md\/wp-content\/uploads\/2025\/08\/528996966_1175405891291122_3473511422484140945_n-150x150.jpg 150w, https:\/\/chisinaucentru.md\/wp-content\/uploads\/2025\/08\/528996966_1175405891291122_3473511422484140945_n-768x768.jpg 768w, https:\/\/chisinaucentru.md\/wp-content\/uploads\/2025\/08\/528996966_1175405891291122_3473511422484140945_n-12x12.jpg 12w\" sizes=\"(max-width: 1081px) 100vw, 1081px\"  data-dt-location=\"https:\/\/chisinaucentru.md\/en\/dragi-chisinauieni-oriunde-v-ati-afla-pe-24-august-dorul-va-aduce-acasa\/528996966_1175405891291122_3473511422484140945_n\/\" \/><\/div>\n\t\t<\/figure>\n\t<\/div>\n<\/div><\/div><\/div><\/div>","protected":false},"excerpt":{"rendered":"<p>Duminic\u0103, pe 24 august, de la ora 16:00 p\u00e2n\u0103 la 22:00, Prim\u0103ria Chi\u0219in\u0103u v\u0103 invit\u0103 la a doua edi\u021bie a Festivalului \u201eDor de Chi\u0219in\u0103u\u201d. V\u0103 a\u0219teapt\u0103 muzic\u0103 live cu arti\u0219ti \u00eendr\u0103gi\u021bi din Moldova \u0219i din diaspor\u0103, mirosul bucatelor ca acas\u0103, ateliere de me\u0219te\u0219ug\u0103rit \u0219i crea\u021bie, activit\u0103\u021bi pentru copii, momente de relaxare \u0219i frumuse\u021be, art\u0103 \u00een&hellip;<\/p>","protected":false},"author":1,"featured_media":92991,"comment_status":"open","ping_status":"open","sticky":false,"template":"","format":"standard","meta":[],"categories":[244],"tags":[],"acf":[],"_links":{"self":[{"href":"https:\/\/chisinaucentru.md\/en\/wp-json\/wp\/v2\/posts\/92989"}],"collection":[{"href":"https:\/\/chisinaucentru.md\/en\/wp-json\/wp\/v2\/posts"}],"about":[{"href":"https:\/\/chisinaucentru.md\/en\/wp-json\/wp\/v2\/types\/post"}],"author":[{"embeddable":true,"href":"https:\/\/chisinaucentru.md\/en\/wp-json\/wp\/v2\/users\/1"}],"replies":[{"embeddable":true,"href":"https:\/\/chisinaucentru.md\/en\/wp-json\/wp\/v2\/comments?post=92989"}],"version-history":[{"count":3,"href":"https:\/\/chisinaucentru.md\/en\/wp-json\/wp\/v2\/posts\/92989\/revisions"}],"predecessor-version":[{"id":92993,"href":"https:\/\/chisinaucentru.md\/en\/wp-json\/wp\/v2\/posts\/92989\/revisions\/92993"}],"wp:featuredmedia":[{"embeddable":true,"href":"https:\/\/chisinaucentru.md\/en\/wp-json\/wp\/v2\/media\/92991"}],"wp:attachment":[{"href":"https:\/\/chisinaucentru.md\/en\/wp-json\/wp\/v2\/media?parent=92989"}],"wp:term":[{"taxonomy":"category","embeddable":true,"href":"https:\/\/chisinaucentru.md\/en\/wp-json\/wp\/v2\/categories?post=92989"},{"taxonomy":"post_tag","embeddable":true,"href":"https:\/\/chisinaucentru.md\/en\/wp-json\/wp\/v2\/tags?post=92989"}],"curies":[{"name":"wp","href":"https:\/\/api.w.org\/{rel}","templated":true}]}}