{"id":92623,"date":"2025-07-21T14:15:27","date_gmt":"2025-07-21T11:15:27","guid":{"rendered":"https:\/\/chisinaucentru.md\/?p=92623"},"modified":"2025-07-23T14:16:40","modified_gmt":"2025-07-23T11:16:40","slug":"chisinaul-a-sarbatorit-589-de-ani-de-la-prima-atestare-documentara-prin-festivalul-te-salut-chisinau","status":"publish","type":"post","link":"https:\/\/chisinaucentru.md\/en\/chisinaul-a-sarbatorit-589-de-ani-de-la-prima-atestare-documentara-prin-festivalul-te-salut-chisinau\/","title":{"rendered":"Chi\u0219in\u0103ul a s\u0103rb\u0103torit 589 de ani de la prima atestare documentar\u0103 prin Festivalul \u201eTe salut Chi\u0219in\u0103u\u201d"},"content":{"rendered":"<div class=\"vc_row wpb_row vc_row-fluid dt-default\" style=\"margin-top: 0px;margin-bottom: 0px\"><div class=\"wpb_column vc_column_container vc_col-sm-12\"><div class=\"vc_column-inner\"><div class=\"wpb_wrapper\">\n\t<div class=\"wpb_text_column wpb_content_element\" >\n\t\t<div class=\"wpb_wrapper\">\n\t\t\t<p><span style=\"color: #050505;\"><span style=\"font-family: Times New Roman, serif;\"><span style=\"font-size: large;\"><span lang=\"ro-RO\">\u00cen acest weekend, Prim\u0103ria municipiului Chi\u0219in\u0103u a g\u0103zduit cea de-a V-a edi\u021bie a Festivalului \u201eTe salut Chi\u0219in\u0103u\u201d, un eveniment dedicat anivers\u0103rii a 589 de ani de la prima atestare documentar\u0103 a ora\u0219ului.<\/span><\/span><\/span><\/span><\/p>\n<p><span style=\"color: #050505;\"><span style=\"font-family: Times New Roman, serif;\"><span style=\"font-size: large;\"><span lang=\"ro-RO\">La invita\u021bia Primarului General, Ion Ceban, capitala a fost onorat\u0103 de prezen\u021ba delega\u021biilor din Ucraina, Polonia, Rom\u00e2nia, Italia, care s-au ar\u0103tat entuziasmate de tradi\u021biile, ospitalitatea \u0219i frumuse\u021bea cultural\u0103 a Chi\u0219in\u0103ului.<\/span><\/span><\/span><\/span><\/p>\n<p><span style=\"color: #050505;\"><span style=\"font-family: Times New Roman, serif;\"><span style=\"font-size: large;\"><span lang=\"ro-RO\">Strada pietonal\u0103 Eugen Doga a devenit epicentrul s\u0103rb\u0103torii, primind cu ospitalitate oaspe\u021bi din \u021bar\u0103 \u0219i de peste hotare.<\/span><\/span><\/span><\/span><\/p>\n<p><span style=\"color: #050505;\"><span style=\"font-family: Times New Roman, serif;\"><span style=\"font-size: large;\"><span lang=\"ro-RO\">Vizitatorii s-au bucurat de o atmosfer\u0103 vibrant\u0103, \u00een care cultura, tradi\u021biile \u0219i muzica au fost la loc de cinste.<\/span><\/span><\/span><\/span><\/p>\n<p><span style=\"color: #050505;\"><span style=\"font-family: Times New Roman, serif;\"><span style=\"font-size: large;\"><span lang=\"ro-RO\">Un moment important al festivalului a fost concertul cu participarea arti\u0219tilor autohtoni \u0219i a celor din Rom\u00e2nia.<\/span><\/span><\/span><\/span><\/p>\n<p><span style=\"color: #050505;\"><span style=\"font-family: Times New Roman, serif;\"><span style=\"font-size: large;\"><span lang=\"ro-RO\">Publicul a avut ocazia s\u0103 asculte o varietate de genuri muzicale \u2013 de la muzic\u0103 popular\u0103 \u0219i de estrad\u0103, p\u00e2n\u0103 la muzic\u0103 clasic\u0103 \u0219i instrumental\u0103, interpretat\u0103 cu m\u0103iestrie.<\/span><\/span><\/span><\/span><\/p>\n<p><span style=\"color: #050505;\"><span style=\"font-family: Times New Roman, serif;\"><span style=\"font-size: large;\"><span lang=\"ro-RO\">De asemenea, festivalul a inclus expozi\u021bii ale me\u0219terilor populari, care au prezentat crea\u021bii autentice, lucrate manual, precum \u0219i demonstra\u021bii de dansuri tradi\u021bionale.<\/span><\/span><\/span><\/span><\/p>\n<p><span style=\"color: #050505;\"><span style=\"font-family: Times New Roman, serif;\"><span style=\"font-size: large;\"><span lang=\"ro-RO\">Portul popular a fost pus \u00een valoare \u00een cadrul acestor momente, aduc\u00e2nd \u00een prim-plan bog\u0103\u021bia \u0219i frumuse\u021bea patrimoniului cultural al Republicii Moldova.<\/span><\/span><\/span><\/span><\/p>\n<p><span style=\"color: #050505;\"><span style=\"font-family: Times New Roman, serif;\"><span style=\"font-size: large;\"><span lang=\"ro-RO\">Festivalul \u201eTe salut Chi\u0219in\u0103u\u201d a reu\u0219it s\u0103 aduc\u0103 \u00eempreun\u0103 oameni de diferite v\u00e2rste \u0219i na\u021bionalit\u0103\u021bi, \u00eentr-o s\u0103rb\u0103toare a identit\u0103\u021bii, prieteniei \u0219i diversit\u0103\u021bii culturale.<\/span><\/span><\/span><\/span><\/p>\n<p><span style=\"color: #050505;\"><span style=\"font-family: Times New Roman, serif;\"><span style=\"font-size: large;\"><span lang=\"ro-RO\">Conducerea \u0219i colectivul Preturii sectorului Centru, prezen\u021bi la eveniment, adreseaz\u0103 sincere felicit\u0103ri tuturor locuitorilor Chi\u0219in\u0103ului, dorindu-le s\u0103n\u0103tate, prosperitate \u0219i m\u00e2ndrie pentru ora\u0219ul \u00een care tr\u0103iesc.<\/span><\/span><\/span><\/span><\/p>\n<p><span style=\"color: #050505;\"><span style=\"font-family: Times New Roman, serif;\"><span style=\"font-size: large;\"><span lang=\"ro-RO\">Acest eveniment este o dovad\u0103 a unit\u0103\u021bii, tradi\u021biei \u0219i frumuse\u021bii care definesc capitala noastr\u0103.<br \/>\n<\/span><\/span><\/span><\/span><\/p>\n\n\t\t<\/div>\n\t<\/div>\n<\/div><\/div><\/div><\/div><div class=\"vc_row wpb_row vc_row-fluid dt-default\" style=\"margin-top: 0px;margin-bottom: 0px\"><div class=\"wpb_column vc_column_container vc_col-sm-12\"><div class=\"vc_column-inner\"><div class=\"wpb_wrapper\">\n<div class=\"vc_grid-container-wrapper vc_clearfix vc_grid-animation-fadeIn\">\n\t<div class=\"vc_grid-container vc_clearfix wpb_content_element vc_media_grid\" data-initial-loading-animation=\"fadeIn\" data-vc-grid-settings=\"{&quot;page_id&quot;:92623,&quot;style&quot;:&quot;all&quot;,&quot;action&quot;:&quot;vc_get_vc_grid_data&quot;,&quot;shortcode_id&quot;:&quot;1753269358370-1ebb4c4ef76cf7533913a832242a3b1e-9&quot;,&quot;tag&quot;:&quot;vc_media_grid&quot;}\" data-vc-request=\"https:\/\/chisinaucentru.md\/wp-admin\/admin-ajax.php\" data-vc-post-id=\"92623\" data-vc-public-nonce=\"39ce34e9ee\">\n\t\t\n\t<\/div>\n<\/div><\/div><\/div><\/div><\/div>","protected":false},"excerpt":{"rendered":"<p>\u00cen acest weekend, Prim\u0103ria municipiului Chi\u0219in\u0103u a g\u0103zduit cea de-a V-a edi\u021bie a Festivalului \u201eTe salut Chi\u0219in\u0103u\u201d, un eveniment dedicat anivers\u0103rii a 589 de ani de la prima atestare documentar\u0103 a ora\u0219ului. La invita\u021bia Primarului General, Ion Ceban, capitala a fost onorat\u0103 de prezen\u021ba delega\u021biilor din Ucraina, Polonia, Rom\u00e2nia, Italia, care s-au ar\u0103tat entuziasmate de&hellip;<\/p>","protected":false},"author":1,"featured_media":92626,"comment_status":"open","ping_status":"open","sticky":false,"template":"","format":"standard","meta":[],"categories":[244],"tags":[],"acf":[],"_links":{"self":[{"href":"https:\/\/chisinaucentru.md\/en\/wp-json\/wp\/v2\/posts\/92623"}],"collection":[{"href":"https:\/\/chisinaucentru.md\/en\/wp-json\/wp\/v2\/posts"}],"about":[{"href":"https:\/\/chisinaucentru.md\/en\/wp-json\/wp\/v2\/types\/post"}],"author":[{"embeddable":true,"href":"https:\/\/chisinaucentru.md\/en\/wp-json\/wp\/v2\/users\/1"}],"replies":[{"embeddable":true,"href":"https:\/\/chisinaucentru.md\/en\/wp-json\/wp\/v2\/comments?post=92623"}],"version-history":[{"count":3,"href":"https:\/\/chisinaucentru.md\/en\/wp-json\/wp\/v2\/posts\/92623\/revisions"}],"predecessor-version":[{"id":92636,"href":"https:\/\/chisinaucentru.md\/en\/wp-json\/wp\/v2\/posts\/92623\/revisions\/92636"}],"wp:featuredmedia":[{"embeddable":true,"href":"https:\/\/chisinaucentru.md\/en\/wp-json\/wp\/v2\/media\/92626"}],"wp:attachment":[{"href":"https:\/\/chisinaucentru.md\/en\/wp-json\/wp\/v2\/media?parent=92623"}],"wp:term":[{"taxonomy":"category","embeddable":true,"href":"https:\/\/chisinaucentru.md\/en\/wp-json\/wp\/v2\/categories?post=92623"},{"taxonomy":"post_tag","embeddable":true,"href":"https:\/\/chisinaucentru.md\/en\/wp-json\/wp\/v2\/tags?post=92623"}],"curies":[{"name":"wp","href":"https:\/\/api.w.org\/{rel}","templated":true}]}}