{"id":92581,"date":"2025-07-12T11:13:11","date_gmt":"2025-07-12T08:13:11","guid":{"rendered":"https:\/\/chisinaucentru.md\/?p=92581"},"modified":"2025-07-17T11:14:48","modified_gmt":"2025-07-17T08:14:48","slug":"te-salut-chisinau-18-iulie","status":"publish","type":"post","link":"https:\/\/chisinaucentru.md\/en\/te-salut-chisinau-18-iulie\/","title":{"rendered":"Te salut, Chi\u0219in\u0103u | 18 iulie"},"content":{"rendered":"<div class=\"vc_row wpb_row vc_row-fluid dt-default\" style=\"margin-top: 0px;margin-bottom: 0px\"><div class=\"wpb_column vc_column_container vc_col-sm-12\"><div class=\"vc_column-inner\"><div class=\"wpb_wrapper\">\n\t<div class=\"wpb_text_column wpb_content_element\" >\n\t\t<div class=\"wpb_wrapper\">\n\t\t\t<p><span style=\"color: #050505;\"><span style=\"font-family: Times New Roman, serif;\"><span style=\"font-size: large;\"><span lang=\"ro-RO\">Chi\u0219in\u0103u, preg\u0103te\u0219te-te de s\u0103rb\u0103toare!<br \/>\nPe 18 iulie, transform\u0103m strada pietonal\u0103 \u201eEugen Doga\u201d \u00eentr-un loc plin de culoare, tradi\u021bie \u0219i bucurie, \u00een cadrul Festivalului \u201eTe salut, Chi\u0219in\u0103u!\u201d<br \/>\nHai cu noi s\u0103 sim\u021bim spiritul autentic moldovenesc, \u00eentr-un eveniment plin de emo\u021bie \u0219i voie bun\u0103!<br \/>\n<\/span><\/span><\/span><\/span><\/p>\n<h4><span style=\"color: #050505;\"><span style=\"font-family: Times New Roman, serif;\"><span style=\"font-size: large;\"><span lang=\"ro-RO\">PROGRAMUL ZILEI:<\/span><\/span><\/span><\/span><\/h4>\n<p><span style=\"color: #050505;\"><span style=\"font-family: Times New Roman, serif;\"><span style=\"font-size: large;\"><span lang=\"ro-RO\"><strong>&#8211; 17:30 \u2013 18:00<\/strong><br \/>\nParada portului popular<br \/>\nTraseu: strada Mitropolit G. Bodoni \u2192 pietonala E. Doga<\/span><\/span><\/span><\/span><\/p>\n<p><span style=\"color: #050505;\"><span style=\"font-family: Times New Roman, serif;\"><span style=\"font-size: large;\"><span lang=\"ro-RO\"><strong>&#8211; 18:00<\/strong><br \/>\nInaugurarea Festivalului \u201eTe salut, Chi\u0219in\u0103u!\u201d<br \/>\nScena va prinde via\u021b\u0103 al\u0103turi de:<br \/>\nAdrian Ursu<br \/>\nMaria Iliu\u021b &amp; Crengu\u021b\u0103 de Ieder\u0103<br \/>\nNicolae Gribincea &amp; \u201ePl\u0103ie\u0219tii\u201d<br \/>\nAnsamblurile de dans \u201eHecenii\u201d, \u201eM\u0103r\u021bi\u0219or\u201d, \u201eIUVENTA\u201d<\/span><\/span><\/span><\/span><\/p>\n<p><span style=\"color: #050505;\"><span style=\"font-family: Times New Roman, serif;\"><span style=\"font-size: large;\"><span lang=\"ro-RO\"><strong>&#8211; 20:00 \u2013 22:00<\/strong><br \/>\nSeara se \u00eencheie \u00een for\u021b\u0103 cu un concert de excep\u021bie!<br \/>\nOrchestra municipal\u0103 de muzic\u0103 popular\u0103, condus\u0103 de Fra\u021bii ADVAHOV<br \/>\nInvita\u021bi speciali: Zinaida Julea, Fuego, Mihai Ciobanu \u0219i mul\u021bi al\u021bii.<\/span><\/span><\/span><\/span><\/p>\n<p><span style=\"color: #050505;\"><span style=\"font-family: Times New Roman, serif;\"><span style=\"font-size: large;\"><span lang=\"ro-RO\">Nu rata\u021bi acest eveniment dedicat Chi\u0219in\u0103ului \u0219i tradi\u021biilor noastre! V\u0103 a\u0219tept\u0103m cu drag, \u00een straie de s\u0103rb\u0103toare \u0219i cu inima deschis\u0103!<\/span><\/span><\/span><\/span><\/p>\n<p><span style=\"color: #050505;\"><span style=\"font-family: Times New Roman, serif;\"><span style=\"font-size: large;\"><span lang=\"ro-RO\">Vino s\u0103 celebr\u0103m Chi\u0219in\u0103ul, \u00eempreun\u0103! Adu-\u021bi familia, prietenii \u0219i buna dispozi\u021bie!<br \/>\n<\/span><\/span><\/span><\/span><\/p>\n\n\t\t<\/div>\n\t<\/div>\n<\/div><\/div><\/div><\/div><div class=\"vc_row wpb_row vc_row-fluid dt-default\" style=\"margin-top: 0px;margin-bottom: 0px\"><div class=\"wpb_column vc_column_container vc_col-sm-12\"><div class=\"vc_column-inner\"><div class=\"wpb_wrapper\">\n\t<div  class=\"wpb_single_image wpb_content_element vc_align_left\">\n\t\t\n\t\t<figure class=\"wpb_wrapper vc_figure\">\n\t\t\t<div class=\"vc_single_image-wrapper   vc_box_border_grey\"><img width=\"1057\" height=\"1280\" src=\"https:\/\/chisinaucentru.md\/wp-content\/uploads\/2025\/07\/18.jpg\" class=\"vc_single_image-img attachment-full\" alt=\"\" loading=\"lazy\" title=\"18\" srcset=\"https:\/\/chisinaucentru.md\/wp-content\/uploads\/2025\/07\/18.jpg 1057w, https:\/\/chisinaucentru.md\/wp-content\/uploads\/2025\/07\/18-248x300.jpg 248w, https:\/\/chisinaucentru.md\/wp-content\/uploads\/2025\/07\/18-846x1024.jpg 846w, https:\/\/chisinaucentru.md\/wp-content\/uploads\/2025\/07\/18-768x930.jpg 768w, https:\/\/chisinaucentru.md\/wp-content\/uploads\/2025\/07\/18-10x12.jpg 10w\" sizes=\"(max-width: 1057px) 100vw, 1057px\"  data-dt-location=\"https:\/\/chisinaucentru.md\/en\/te-salut-chisinau-18-iulie\/18-109\/\" \/><\/div>\n\t\t<\/figure>\n\t<\/div>\n<\/div><\/div><\/div><\/div>","protected":false},"excerpt":{"rendered":"<p>Chi\u0219in\u0103u, preg\u0103te\u0219te-te de s\u0103rb\u0103toare! Pe 18 iulie, transform\u0103m strada pietonal\u0103 \u201eEugen Doga\u201d \u00eentr-un loc plin de culoare, tradi\u021bie \u0219i bucurie, \u00een cadrul Festivalului \u201eTe salut, Chi\u0219in\u0103u!\u201d Hai cu noi s\u0103 sim\u021bim spiritul autentic moldovenesc, \u00eentr-un eveniment plin de emo\u021bie \u0219i voie bun\u0103! PROGRAMUL ZILEI: &#8211; 17:30 \u2013 18:00 Parada portului popular Traseu: strada Mitropolit G.&hellip;<\/p>","protected":false},"author":1,"featured_media":92584,"comment_status":"open","ping_status":"open","sticky":false,"template":"","format":"standard","meta":[],"categories":[244],"tags":[],"acf":[],"_links":{"self":[{"href":"https:\/\/chisinaucentru.md\/en\/wp-json\/wp\/v2\/posts\/92581"}],"collection":[{"href":"https:\/\/chisinaucentru.md\/en\/wp-json\/wp\/v2\/posts"}],"about":[{"href":"https:\/\/chisinaucentru.md\/en\/wp-json\/wp\/v2\/types\/post"}],"author":[{"embeddable":true,"href":"https:\/\/chisinaucentru.md\/en\/wp-json\/wp\/v2\/users\/1"}],"replies":[{"embeddable":true,"href":"https:\/\/chisinaucentru.md\/en\/wp-json\/wp\/v2\/comments?post=92581"}],"version-history":[{"count":3,"href":"https:\/\/chisinaucentru.md\/en\/wp-json\/wp\/v2\/posts\/92581\/revisions"}],"predecessor-version":[{"id":92586,"href":"https:\/\/chisinaucentru.md\/en\/wp-json\/wp\/v2\/posts\/92581\/revisions\/92586"}],"wp:featuredmedia":[{"embeddable":true,"href":"https:\/\/chisinaucentru.md\/en\/wp-json\/wp\/v2\/media\/92584"}],"wp:attachment":[{"href":"https:\/\/chisinaucentru.md\/en\/wp-json\/wp\/v2\/media?parent=92581"}],"wp:term":[{"taxonomy":"category","embeddable":true,"href":"https:\/\/chisinaucentru.md\/en\/wp-json\/wp\/v2\/categories?post=92581"},{"taxonomy":"post_tag","embeddable":true,"href":"https:\/\/chisinaucentru.md\/en\/wp-json\/wp\/v2\/tags?post=92581"}],"curies":[{"name":"wp","href":"https:\/\/api.w.org\/{rel}","templated":true}]}}