{"id":90726,"date":"2025-05-21T16:17:28","date_gmt":"2025-05-21T13:17:28","guid":{"rendered":"https:\/\/chisinaucentru.md\/?p=90726"},"modified":"2025-05-23T16:19:08","modified_gmt":"2025-05-23T13:19:08","slug":"suspendarea-traficului-rutier-spre-piata-marii-adunari-nationale-in-perioada-24-25-mai-2025","status":"publish","type":"post","link":"https:\/\/chisinaucentru.md\/en\/suspendarea-traficului-rutier-spre-piata-marii-adunari-nationale-in-perioada-24-25-mai-2025\/","title":{"rendered":"Suspendarea traficului rutier spre Pia\u021ba Marii Adun\u0103ri Na\u021bionale, \u00een perioada 24-25 mai 2025"},"content":{"rendered":"<div class=\"vc_row wpb_row vc_row-fluid dt-default\" style=\"margin-top: 0px;margin-bottom: 0px\"><div class=\"wpb_column vc_column_container vc_col-sm-12\"><div class=\"vc_column-inner\"><div class=\"wpb_wrapper\">\n\t<div class=\"wpb_text_column wpb_content_element\" >\n\t\t<div class=\"wpb_wrapper\">\n\t\t\t<p><span style=\"color: #050505;\"><span style=\"font-family: Times New Roman, serif;\"><span style=\"font-size: large;\"><span lang=\"ro-RO\">Prim\u0103ria Municipiului Chi\u0219in\u0103u informeaz\u0103 c\u0103, \u00een perioada 23 mai 2025, ora 22:00, p\u00e2n\u0103 pe 26 mai 2025, ora 05:00, va fi sistat\u0103 circula\u021bia transportului pe bd. \u0218tefan cel Mare \u0219i Sf\u00e2nt, pe tronsonul cuprins \u00eentre str. Mitropolit G. B\u0103nulescu-Bodoni \u0219i str. A. Pu\u0219kin, cu redirec\u021bionarea traficului, inclusiv a transportului public, pe str\u0103zile adiacente.<\/span><\/span><\/span><\/span><\/p>\n<p><span style=\"color: #050505;\"><span style=\"font-family: Times New Roman, serif;\"><span style=\"font-size: large;\"><span lang=\"ro-RO\">M\u0103sura a fost luat\u0103 \u00een contextul organiz\u0103rii \u0219i desf\u0103\u0219ur\u0103rii Festivalului Tradi\u021biilor Rom\u00e2ne\u0219ti (edi\u021bia a III-a), eveniment organizat de Departamentul pentru Rela\u021bia cu Republica Moldova,<\/span><\/span><\/span><\/span><\/p>\n<p><span style=\"color: #050505;\"><span style=\"font-family: Times New Roman, serif;\"><span style=\"font-size: large;\"><span lang=\"ro-RO\">Guvernul Rom\u00e2niei, \u00een perioada 24\u201325 mai 2025, \u00eentre orele 10:00\u201322:00, \u00een Pia\u021ba Marii Adun\u0103ri Na\u021bionale.<\/span><\/span><\/span><\/span><\/p>\n<p><span style=\"color: #050505;\"><span style=\"font-family: Times New Roman, serif;\"><span style=\"font-size: large;\"><span lang=\"ro-RO\">Conduc\u0103torii auto sunt \u00eendemna\u021bi s\u0103 respecte indica\u021biile agen\u021bilor de circula\u021bie, s\u0103 manifeste r\u0103bdare \u0219i disciplin\u0103 \u00een trafic, f\u0103r\u0103 abateri de la Regulamentul circula\u021biei rutiere.<br \/>\n<\/span><\/span><\/span><\/span>&gt;<\/p>\n\n\t\t<\/div>\n\t<\/div>\n<\/div><\/div><\/div><\/div><div class=\"vc_row wpb_row vc_row-fluid dt-default\" style=\"margin-top: 0px;margin-bottom: 0px\"><div class=\"wpb_column vc_column_container vc_col-sm-12\"><div class=\"vc_column-inner\"><div class=\"wpb_wrapper\">\n\t<div  class=\"wpb_single_image wpb_content_element vc_align_left\">\n\t\t\n\t\t<figure class=\"wpb_wrapper vc_figure\">\n\t\t\t<div class=\"vc_single_image-wrapper   vc_box_border_grey\"><img width=\"1000\" height=\"709\" src=\"https:\/\/chisinaucentru.md\/wp-content\/uploads\/2025\/05\/suspendare-trafic-rutier-1-copy.jpg\" class=\"vc_single_image-img attachment-full\" alt=\"\" loading=\"lazy\" title=\"suspendare trafic rutier - 1\" srcset=\"https:\/\/chisinaucentru.md\/wp-content\/uploads\/2025\/05\/suspendare-trafic-rutier-1-copy.jpg 1000w, https:\/\/chisinaucentru.md\/wp-content\/uploads\/2025\/05\/suspendare-trafic-rutier-1-copy-300x213.jpg 300w, https:\/\/chisinaucentru.md\/wp-content\/uploads\/2025\/05\/suspendare-trafic-rutier-1-copy-768x545.jpg 768w, https:\/\/chisinaucentru.md\/wp-content\/uploads\/2025\/05\/suspendare-trafic-rutier-1-copy-18x12.jpg 18w\" sizes=\"(max-width: 1000px) 100vw, 1000px\"  data-dt-location=\"https:\/\/chisinaucentru.md\/en\/suspendarea-traficului-rutier-spre-piata-marii-adunari-nationale-in-perioada-24-25-mai-2025\/suspendare-trafic-rutier-1\/\" \/><\/div>\n\t\t<\/figure>\n\t<\/div>\n<\/div><\/div><\/div><\/div>","protected":false},"excerpt":{"rendered":"<p>Prim\u0103ria Municipiului Chi\u0219in\u0103u informeaz\u0103 c\u0103, \u00een perioada 23 mai 2025, ora 22:00, p\u00e2n\u0103 pe 26 mai 2025, ora 05:00, va fi sistat\u0103 circula\u021bia transportului pe bd. \u0218tefan cel Mare \u0219i Sf\u00e2nt, pe tronsonul cuprins \u00eentre str. Mitropolit G. B\u0103nulescu-Bodoni \u0219i str. A. Pu\u0219kin, cu redirec\u021bionarea traficului, inclusiv a transportului public, pe str\u0103zile adiacente. M\u0103sura a&hellip;<\/p>","protected":false},"author":1,"featured_media":90728,"comment_status":"open","ping_status":"open","sticky":false,"template":"","format":"standard","meta":[],"categories":[244],"tags":[],"acf":[],"_links":{"self":[{"href":"https:\/\/chisinaucentru.md\/en\/wp-json\/wp\/v2\/posts\/90726"}],"collection":[{"href":"https:\/\/chisinaucentru.md\/en\/wp-json\/wp\/v2\/posts"}],"about":[{"href":"https:\/\/chisinaucentru.md\/en\/wp-json\/wp\/v2\/types\/post"}],"author":[{"embeddable":true,"href":"https:\/\/chisinaucentru.md\/en\/wp-json\/wp\/v2\/users\/1"}],"replies":[{"embeddable":true,"href":"https:\/\/chisinaucentru.md\/en\/wp-json\/wp\/v2\/comments?post=90726"}],"version-history":[{"count":2,"href":"https:\/\/chisinaucentru.md\/en\/wp-json\/wp\/v2\/posts\/90726\/revisions"}],"predecessor-version":[{"id":90729,"href":"https:\/\/chisinaucentru.md\/en\/wp-json\/wp\/v2\/posts\/90726\/revisions\/90729"}],"wp:featuredmedia":[{"embeddable":true,"href":"https:\/\/chisinaucentru.md\/en\/wp-json\/wp\/v2\/media\/90728"}],"wp:attachment":[{"href":"https:\/\/chisinaucentru.md\/en\/wp-json\/wp\/v2\/media?parent=90726"}],"wp:term":[{"taxonomy":"category","embeddable":true,"href":"https:\/\/chisinaucentru.md\/en\/wp-json\/wp\/v2\/categories?post=90726"},{"taxonomy":"post_tag","embeddable":true,"href":"https:\/\/chisinaucentru.md\/en\/wp-json\/wp\/v2\/tags?post=90726"}],"curies":[{"name":"wp","href":"https:\/\/api.w.org\/{rel}","templated":true}]}}