{"id":90489,"date":"2025-05-15T15:05:39","date_gmt":"2025-05-15T12:05:39","guid":{"rendered":"https:\/\/chisinaucentru.md\/?p=90489"},"modified":"2025-05-23T15:27:03","modified_gmt":"2025-05-23T12:27:03","slug":"una-dintre-cele-mai-frumoase-zile-de-peste-an-ziua-familiei-sarbatorita-in-inima-capitalei","status":"publish","type":"post","link":"https:\/\/chisinaucentru.md\/en\/una-dintre-cele-mai-frumoase-zile-de-peste-an-ziua-familiei-sarbatorita-in-inima-capitalei\/","title":{"rendered":"Una dintre cele mai frumoase zile de peste an, Ziua Familiei, s\u0103rb\u0103torit\u0103 \u00een inima Capitalei"},"content":{"rendered":"<div class=\"vc_row wpb_row vc_row-fluid dt-default\" style=\"margin-top: 0px;margin-bottom: 0px\"><div class=\"wpb_column vc_column_container vc_col-sm-12\"><div class=\"vc_column-inner\"><div class=\"wpb_wrapper\">\n\t<div class=\"wpb_text_column wpb_content_element\" >\n\t\t<div class=\"wpb_wrapper\">\n\t\t\t<p><span style=\"color: #050505;\"><span style=\"font-family: Times New Roman, serif;\"><span style=\"font-size: large;\"><span lang=\"ro-RO\">Una dintre cele mai frumoase zile de peste an, Ziua Familiei, eveniment la care au participat ast\u0103zi, 15 mai 2025, familii din sectorul Centru, dar \u0219i din \u00eentreg municipiul Chi\u0219in\u0103u, pentru a celebra s\u0103rb\u0103toarea de suflet care ne readuce, a c\u00e2ta oar\u0103, \u00een prim-plan \u00eensemn\u0103tatea fundamental\u0103 pe care o constituie familia.<\/span><\/span><\/span><\/span><\/p>\n<p><span style=\"color: #050505;\"><span style=\"font-family: Times New Roman, serif;\"><span style=\"font-size: large;\"><span lang=\"ro-RO\">Pretorul sectorului Centru, Vadim H\u00ceNCU, Primarul General al municipiului Chi\u0219in\u0103u, Ion CEBAN, Viceprimarul municipiului Chi\u0219in\u0103u, Angela CUTASEVICI, \u0218efa Direc\u021biei Educa\u021bie, Tineret \u0219i Sport Centru, Natalia STR\u0102JESCO, au venit cu alese mesaje de felicitare c\u0103tre to\u021bi cei prezen\u021bi \u00een scuarul Mihai Dolgan, cu ur\u0103ri de bine familiilor care sunt, cu des\u0103v\u00e2r\u0219ire, pilonul de baz\u0103 \u00een construc\u021bia viitorului.<\/span><\/span><\/span><\/span><\/p>\n<p><span style=\"color: #050505;\"><span style=\"font-family: Times New Roman, serif;\"><span style=\"font-size: large;\"><span lang=\"ro-RO\">\u00cen semn de recuno\u0219tin\u021b\u0103 \u0219i pre\u021buire fa\u021b\u0103 de munca \u0219i d\u0103ruirea p\u0103rin\u021bilor, transmiterea valorilor bunicilor \u0219i str\u0103bunicilor no\u0219tri, avem datoria de a p\u0103stra modelul familiei tradi\u021bionale, \u00een care sunt venerate cu sfin\u021benie valorile spirituale \u0219i cre\u0219tine\u0219ti.<\/span><\/span><\/span><\/span><\/p>\n<p><span style=\"color: #050505;\"><span style=\"font-family: Times New Roman, serif;\"><span style=\"font-size: large;\"><span lang=\"ro-RO\">Astfel, 5 familii numeroase din sectorul Centru, care educ\u0103 a c\u00e2te 7 \u0219i 5 copii, au fost premiate de c\u0103tre Prim\u0103rie \u0219i Pretur\u0103 pentru eroism \u0219i reper moral sacru.<\/span><\/span><\/span><\/span><\/p>\n<p><span style=\"color: #050505;\"><span style=\"font-family: Times New Roman, serif;\"><span style=\"font-size: large;\"><span lang=\"ro-RO\">Atmosfera de s\u0103rb\u0103toare a fost completat\u0103 de recitalurile artistice sus\u021binute de copiii Centrului de Crea\u021bie \u201eFloarea Soarelui\u201d \u0219i ai studioului \u201ePic\u0103turi muzicale\u201d. Cu o presta\u021bie impecabil\u0103, evenimentul a fost culminat de duetul familiei Corina \u021aepe\u0219 \u0219i Costi Burlacu.<\/span><\/span><\/span><\/span><\/p>\n<p><span style=\"color: #050505;\"><span style=\"font-family: Times New Roman, serif;\"><span style=\"font-size: large;\"><span lang=\"ro-RO\"><strong>La mul\u021bi ani tuturor familiilor!<\/strong><br \/>\n<\/span><\/span><\/span><\/span>&gt;<\/p>\n\n\t\t<\/div>\n\t<\/div>\n<\/div><\/div><\/div><\/div><div class=\"vc_row wpb_row vc_row-fluid dt-default\" style=\"margin-top: 0px;margin-bottom: 0px\"><div class=\"wpb_column vc_column_container vc_col-sm-12\"><div class=\"vc_column-inner\"><div class=\"wpb_wrapper\">\n<div class=\"vc_grid-container-wrapper vc_clearfix vc_grid-animation-fadeIn\">\n\t<div class=\"vc_grid-container vc_clearfix wpb_content_element vc_media_grid\" data-initial-loading-animation=\"fadeIn\" data-vc-grid-settings=\"{&quot;page_id&quot;:90489,&quot;style&quot;:&quot;all&quot;,&quot;action&quot;:&quot;vc_get_vc_grid_data&quot;,&quot;shortcode_id&quot;:&quot;1748002604143-ffc9c24d337fa756fc62b99d1831d0b4-0&quot;,&quot;tag&quot;:&quot;vc_media_grid&quot;}\" data-vc-request=\"https:\/\/chisinaucentru.md\/wp-admin\/admin-ajax.php\" data-vc-post-id=\"90489\" data-vc-public-nonce=\"834cf87f23\">\n\t\t\n\t<\/div>\n<\/div><\/div><\/div><\/div><\/div>","protected":false},"excerpt":{"rendered":"<p>Una dintre cele mai frumoase zile de peste an, Ziua Familiei, eveniment la care au participat ast\u0103zi, 15 mai 2025, familii din sectorul Centru, dar \u0219i din \u00eentreg municipiul Chi\u0219in\u0103u, pentru a celebra s\u0103rb\u0103toarea de suflet care ne readuce, a c\u00e2ta oar\u0103, \u00een prim-plan \u00eensemn\u0103tatea fundamental\u0103 pe care o constituie familia. Pretorul sectorului Centru, Vadim&hellip;<\/p>","protected":false},"author":1,"featured_media":90491,"comment_status":"open","ping_status":"open","sticky":false,"template":"","format":"standard","meta":[],"categories":[244],"tags":[],"acf":[],"_links":{"self":[{"href":"https:\/\/chisinaucentru.md\/en\/wp-json\/wp\/v2\/posts\/90489"}],"collection":[{"href":"https:\/\/chisinaucentru.md\/en\/wp-json\/wp\/v2\/posts"}],"about":[{"href":"https:\/\/chisinaucentru.md\/en\/wp-json\/wp\/v2\/types\/post"}],"author":[{"embeddable":true,"href":"https:\/\/chisinaucentru.md\/en\/wp-json\/wp\/v2\/users\/1"}],"replies":[{"embeddable":true,"href":"https:\/\/chisinaucentru.md\/en\/wp-json\/wp\/v2\/comments?post=90489"}],"version-history":[{"count":3,"href":"https:\/\/chisinaucentru.md\/en\/wp-json\/wp\/v2\/posts\/90489\/revisions"}],"predecessor-version":[{"id":90564,"href":"https:\/\/chisinaucentru.md\/en\/wp-json\/wp\/v2\/posts\/90489\/revisions\/90564"}],"wp:featuredmedia":[{"embeddable":true,"href":"https:\/\/chisinaucentru.md\/en\/wp-json\/wp\/v2\/media\/90491"}],"wp:attachment":[{"href":"https:\/\/chisinaucentru.md\/en\/wp-json\/wp\/v2\/media?parent=90489"}],"wp:term":[{"taxonomy":"category","embeddable":true,"href":"https:\/\/chisinaucentru.md\/en\/wp-json\/wp\/v2\/categories?post=90489"},{"taxonomy":"post_tag","embeddable":true,"href":"https:\/\/chisinaucentru.md\/en\/wp-json\/wp\/v2\/tags?post=90489"}],"curies":[{"name":"wp","href":"https:\/\/api.w.org\/{rel}","templated":true}]}}