{"id":90231,"date":"2025-05-02T21:19:19","date_gmt":"2025-05-02T18:19:19","guid":{"rendered":"https:\/\/chisinaucentru.md\/?p=90231"},"modified":"2025-05-04T21:22:36","modified_gmt":"2025-05-04T18:22:36","slug":"am-dat-startul-celei-de-a-ii-faze-a-proiectului-investitional-de-amenajare-a-trotuarului-de-pe-strada-ciuflea","status":"publish","type":"post","link":"https:\/\/chisinaucentru.md\/en\/am-dat-startul-celei-de-a-ii-faze-a-proiectului-investitional-de-amenajare-a-trotuarului-de-pe-strada-ciuflea\/","title":{"rendered":"Am dat startul celei de-a II faze a proiectului investi\u021bional de amenajare a trotuarului de pe strada Ciuflea"},"content":{"rendered":"<div class=\"vc_row wpb_row vc_row-fluid dt-default\" style=\"margin-top: 0px;margin-bottom: 0px\"><div class=\"wpb_column vc_column_container vc_col-sm-12\"><div class=\"vc_column-inner\"><div class=\"wpb_wrapper\">\n\t<div class=\"wpb_text_column wpb_content_element\" >\n\t\t<div class=\"wpb_wrapper\">\n\t\t\t<p><span style=\"color: #050505;\"><span style=\"font-family: Times New Roman, serif;\"><span style=\"font-size: large;\"><span lang=\"ro-RO\">Ast\u0103zi, la 2 mai 2025, Pretorul sectorului Centru, Vadim H\u00eencu \u0219i Vicepretorul, Sergiu Andrian, \u00eempreun\u0103 cu Viceprimarul municipiului Chi\u0219in\u0103u, Ilie Ceban \u0219i responsabilul tehnic al proiectului, au efectuat o vizit\u0103 \u00een teren la strada Ciuflea, marc\u00e2nd astfel \u00eenceputul celei de-a II faze a proiectului investi\u021bional de reabilitare a infrastructurii pietonale, de pe partea impar\u0103 a str\u0103zii.<\/span><\/span><\/span><\/span><\/p>\n<p><span style=\"color: #050505;\"><span style=\"font-family: Times New Roman, serif;\"><span style=\"font-size: large;\"><span lang=\"ro-RO\">Aceast\u0103 etap\u0103 prevede continuarea amenaj\u0103rii trotuarului cu scopul de a \u00eembun\u0103t\u0103\u021bi condi\u021biile de circula\u021bie pentru pietoni \u0219i de a contribui la modernizarea aspectului urban al zonei.<\/span><\/span><\/span><\/span><\/p>\n<p><span style=\"color: #050505;\"><span style=\"font-family: Times New Roman, serif;\"><span style=\"font-size: large;\"><span lang=\"ro-RO\">Primele interven\u021bii au inclus decaparea suprafe\u021bei de asfalt uzat \u0219i preg\u0103tirea terenului pentru construc\u021bia noii alei.<\/span><\/span><\/span><\/span><\/p>\n<p><span style=\"color: #050505;\"><span style=\"font-family: Times New Roman, serif;\"><span style=\"font-size: large;\"><span lang=\"ro-RO\">Ne angaj\u0103m s\u0103 respect\u0103m termenele stabilite \u0219i s\u0103 minimiz\u0103m disconfortul pe durata lucr\u0103rilor.<\/span><\/span><\/span><\/span><\/p>\n<p><span style=\"color: #050505;\"><span style=\"font-family: Times New Roman, serif;\"><span style=\"font-size: large;\"><span lang=\"ro-RO\">Amintim c\u0103, recent au fost finalizate lucr\u0103rile de reabilitare a trotuarului pe partea par\u0103 a str\u0103zii Ciuflea, prin pavarea accesului pietonal \u0219i a benzii pentru bicicli\u0219ti, amenajarea spa\u021biului verde \u0219i instalarea sistemului de iluminat modern.<br \/>\n<\/span><\/span><\/span><\/span><\/p>\n\n\t\t<\/div>\n\t<\/div>\n<\/div><\/div><\/div><\/div><div class=\"vc_row wpb_row vc_row-fluid dt-default\" style=\"margin-top: 0px;margin-bottom: 0px\"><div class=\"wpb_column vc_column_container vc_col-sm-12\"><div class=\"vc_column-inner\"><div class=\"wpb_wrapper\">\n<div class=\"vc_grid-container-wrapper vc_clearfix vc_grid-animation-fadeIn\">\n\t<div class=\"vc_grid-container vc_clearfix wpb_content_element vc_media_grid\" data-initial-loading-animation=\"fadeIn\" data-vc-grid-settings=\"{&quot;page_id&quot;:90231,&quot;style&quot;:&quot;all&quot;,&quot;action&quot;:&quot;vc_get_vc_grid_data&quot;,&quot;shortcode_id&quot;:&quot;1746382812025-6f8849f8b745eafa0174bc32d0915779-10&quot;,&quot;tag&quot;:&quot;vc_media_grid&quot;}\" data-vc-request=\"https:\/\/chisinaucentru.md\/wp-admin\/admin-ajax.php\" data-vc-post-id=\"90231\" data-vc-public-nonce=\"39ce34e9ee\">\n\t\t\n\t<\/div>\n<\/div><\/div><\/div><\/div><\/div>","protected":false},"excerpt":{"rendered":"<p>Ast\u0103zi, la 2 mai 2025, Pretorul sectorului Centru, Vadim H\u00eencu \u0219i Vicepretorul, Sergiu Andrian, \u00eempreun\u0103 cu Viceprimarul municipiului Chi\u0219in\u0103u, Ilie Ceban \u0219i responsabilul tehnic al proiectului, au efectuat o vizit\u0103 \u00een teren la strada Ciuflea, marc\u00e2nd astfel \u00eenceputul celei de-a II faze a proiectului investi\u021bional de reabilitare a infrastructurii pietonale, de pe partea impar\u0103 a&hellip;<\/p>","protected":false},"author":1,"featured_media":90233,"comment_status":"open","ping_status":"open","sticky":false,"template":"","format":"standard","meta":[],"categories":[244],"tags":[],"acf":[],"_links":{"self":[{"href":"https:\/\/chisinaucentru.md\/en\/wp-json\/wp\/v2\/posts\/90231"}],"collection":[{"href":"https:\/\/chisinaucentru.md\/en\/wp-json\/wp\/v2\/posts"}],"about":[{"href":"https:\/\/chisinaucentru.md\/en\/wp-json\/wp\/v2\/types\/post"}],"author":[{"embeddable":true,"href":"https:\/\/chisinaucentru.md\/en\/wp-json\/wp\/v2\/users\/1"}],"replies":[{"embeddable":true,"href":"https:\/\/chisinaucentru.md\/en\/wp-json\/wp\/v2\/comments?post=90231"}],"version-history":[{"count":4,"href":"https:\/\/chisinaucentru.md\/en\/wp-json\/wp\/v2\/posts\/90231\/revisions"}],"predecessor-version":[{"id":90287,"href":"https:\/\/chisinaucentru.md\/en\/wp-json\/wp\/v2\/posts\/90231\/revisions\/90287"}],"wp:featuredmedia":[{"embeddable":true,"href":"https:\/\/chisinaucentru.md\/en\/wp-json\/wp\/v2\/media\/90233"}],"wp:attachment":[{"href":"https:\/\/chisinaucentru.md\/en\/wp-json\/wp\/v2\/media?parent=90231"}],"wp:term":[{"taxonomy":"category","embeddable":true,"href":"https:\/\/chisinaucentru.md\/en\/wp-json\/wp\/v2\/categories?post=90231"},{"taxonomy":"post_tag","embeddable":true,"href":"https:\/\/chisinaucentru.md\/en\/wp-json\/wp\/v2\/tags?post=90231"}],"curies":[{"name":"wp","href":"https:\/\/api.w.org\/{rel}","templated":true}]}}