{"id":90059,"date":"2025-04-27T14:14:37","date_gmt":"2025-04-27T11:14:37","guid":{"rendered":"https:\/\/chisinaucentru.md\/?p=90059"},"modified":"2025-04-29T14:15:53","modified_gmt":"2025-04-29T11:15:53","slug":"de-ziua-drapelului-de-stat-ramanem-uniti-in-jurul-acestui-simbol-si-sub-culorile-sale-ridicam-viitorul-tarii","status":"publish","type":"post","link":"https:\/\/chisinaucentru.md\/en\/de-ziua-drapelului-de-stat-ramanem-uniti-in-jurul-acestui-simbol-si-sub-culorile-sale-ridicam-viitorul-tarii\/","title":{"rendered":"De Ziua Drapelului de Stat r\u0103m\u00e2nem uni\u021bi \u00een jurul acestui simbol \u0219i, sub culorile sale, ridic\u0103m viitorul \u021b\u0103rii"},"content":{"rendered":"<div class=\"vc_row wpb_row vc_row-fluid dt-default\" style=\"margin-top: 0px;margin-bottom: 0px\"><div class=\"wpb_column vc_column_container vc_col-sm-12\"><div class=\"vc_column-inner\"><div class=\"wpb_wrapper\">\n\t<div class=\"wpb_text_column wpb_content_element\" >\n\t\t<div class=\"wpb_wrapper\">\n\t\t\t<p><span style=\"color: #050505;\"><span style=\"font-family: Times New Roman, serif;\"><span style=\"font-size: large;\"><span lang=\"ro-RO\">Acest important \u00eensemn al \u021b\u0103rii noastre, ne-a \u00eenso\u021bit \u00een momentele de r\u0103scruce \u0219i a reprezentat simbolul sub arborarea c\u0103ruia Republica Moldova a devenit un stat independent, suveran, unitar \u0219i indivizibil.<\/span><\/span><\/span><\/span><\/p>\n<p><span style=\"color: #050505;\"><span style=\"font-family: Times New Roman, serif;\"><span style=\"font-size: large;\"><span lang=\"ro-RO\">Onor\u0103m drapelul arbor\u00e2ndu-l la cele mai importante manifest\u0103ri \u0219i \u00een momentele de profund\u0103 semnifica\u021bie spiritual\u0103. Anume la asemenea ocazii, moldoveanul este m\u00e2ndru de ob\u00e2r\u0219ia sa \u0219i arat\u0103 destoinicia na\u021biunii sale \u00eentregii lumi.<br \/>\n<\/span><\/span><\/span><\/span><\/p>\n\n\t\t<\/div>\n\t<\/div>\n<\/div><\/div><\/div><\/div><div class=\"vc_row wpb_row vc_row-fluid dt-default\" style=\"margin-top: 0px;margin-bottom: 0px\"><div class=\"wpb_column vc_column_container vc_col-sm-12\"><div class=\"vc_column-inner\"><div class=\"wpb_wrapper\">\n\t<div  class=\"wpb_single_image wpb_content_element vc_align_left\">\n\t\t\n\t\t<figure class=\"wpb_wrapper vc_figure\">\n\t\t\t<div class=\"vc_single_image-wrapper   vc_box_border_grey\"><img width=\"1200\" height=\"714\" src=\"https:\/\/chisinaucentru.md\/wp-content\/uploads\/2025\/04\/493682362_663815296393767_9064001999897616197_n.jpg\" class=\"vc_single_image-img attachment-full\" alt=\"\" loading=\"lazy\" title=\"493682362_663815296393767_9064001999897616197_n\" srcset=\"https:\/\/chisinaucentru.md\/wp-content\/uploads\/2025\/04\/493682362_663815296393767_9064001999897616197_n.jpg 1200w, https:\/\/chisinaucentru.md\/wp-content\/uploads\/2025\/04\/493682362_663815296393767_9064001999897616197_n-300x179.jpg 300w, https:\/\/chisinaucentru.md\/wp-content\/uploads\/2025\/04\/493682362_663815296393767_9064001999897616197_n-1024x609.jpg 1024w, https:\/\/chisinaucentru.md\/wp-content\/uploads\/2025\/04\/493682362_663815296393767_9064001999897616197_n-768x457.jpg 768w, https:\/\/chisinaucentru.md\/wp-content\/uploads\/2025\/04\/493682362_663815296393767_9064001999897616197_n-18x12.jpg 18w\" sizes=\"(max-width: 1200px) 100vw, 1200px\"  data-dt-location=\"https:\/\/chisinaucentru.md\/en\/de-ziua-drapelului-de-stat-ramanem-uniti-in-jurul-acestui-simbol-si-sub-culorile-sale-ridicam-viitorul-tarii\/493682362_663815296393767_9064001999897616197_n\/\" \/><\/div>\n\t\t<\/figure>\n\t<\/div>\n<\/div><\/div><\/div><\/div>","protected":false},"excerpt":{"rendered":"<p>Acest important \u00eensemn al \u021b\u0103rii noastre, ne-a \u00eenso\u021bit \u00een momentele de r\u0103scruce \u0219i a reprezentat simbolul sub arborarea c\u0103ruia Republica Moldova a devenit un stat independent, suveran, unitar \u0219i indivizibil. Onor\u0103m drapelul arbor\u00e2ndu-l la cele mai importante manifest\u0103ri \u0219i \u00een momentele de profund\u0103 semnifica\u021bie spiritual\u0103. Anume la asemenea ocazii, moldoveanul este m\u00e2ndru de ob\u00e2r\u0219ia sa&hellip;<\/p>","protected":false},"author":1,"featured_media":90061,"comment_status":"open","ping_status":"open","sticky":false,"template":"","format":"standard","meta":[],"categories":[244],"tags":[],"acf":[],"_links":{"self":[{"href":"https:\/\/chisinaucentru.md\/en\/wp-json\/wp\/v2\/posts\/90059"}],"collection":[{"href":"https:\/\/chisinaucentru.md\/en\/wp-json\/wp\/v2\/posts"}],"about":[{"href":"https:\/\/chisinaucentru.md\/en\/wp-json\/wp\/v2\/types\/post"}],"author":[{"embeddable":true,"href":"https:\/\/chisinaucentru.md\/en\/wp-json\/wp\/v2\/users\/1"}],"replies":[{"embeddable":true,"href":"https:\/\/chisinaucentru.md\/en\/wp-json\/wp\/v2\/comments?post=90059"}],"version-history":[{"count":2,"href":"https:\/\/chisinaucentru.md\/en\/wp-json\/wp\/v2\/posts\/90059\/revisions"}],"predecessor-version":[{"id":90062,"href":"https:\/\/chisinaucentru.md\/en\/wp-json\/wp\/v2\/posts\/90059\/revisions\/90062"}],"wp:featuredmedia":[{"embeddable":true,"href":"https:\/\/chisinaucentru.md\/en\/wp-json\/wp\/v2\/media\/90061"}],"wp:attachment":[{"href":"https:\/\/chisinaucentru.md\/en\/wp-json\/wp\/v2\/media?parent=90059"}],"wp:term":[{"taxonomy":"category","embeddable":true,"href":"https:\/\/chisinaucentru.md\/en\/wp-json\/wp\/v2\/categories?post=90059"},{"taxonomy":"post_tag","embeddable":true,"href":"https:\/\/chisinaucentru.md\/en\/wp-json\/wp\/v2\/tags?post=90059"}],"curies":[{"name":"wp","href":"https:\/\/api.w.org\/{rel}","templated":true}]}}