{"id":89913,"date":"2025-04-19T17:01:51","date_gmt":"2025-04-19T14:01:51","guid":{"rendered":"https:\/\/chisinaucentru.md\/?p=89913"},"modified":"2025-04-22T17:03:23","modified_gmt":"2025-04-22T14:03:23","slug":"mesajul-pretorului-sectorului-centru-vadim-hincu-cu-prilejul-sarbatorilor-pascale","status":"publish","type":"post","link":"https:\/\/chisinaucentru.md\/en\/mesajul-pretorului-sectorului-centru-vadim-hincu-cu-prilejul-sarbatorilor-pascale\/","title":{"rendered":"Mesajul Pretorului sectorului Centru, Vadim H\u00eencu cu prilejul s\u0103rb\u0103torilor pascale"},"content":{"rendered":"<div class=\"vc_row wpb_row vc_row-fluid dt-default\" style=\"margin-top: 0px;margin-bottom: 0px\"><div class=\"wpb_column vc_column_container vc_col-sm-12\"><div class=\"vc_column-inner\"><div class=\"wpb_wrapper\">\n\t<div class=\"wpb_text_column wpb_content_element\" >\n\t\t<div class=\"wpb_wrapper\">\n\t\t\t<p><span style=\"color: #050505;\"><span style=\"font-family: Times New Roman, serif;\"><span style=\"font-size: large;\"><span lang=\"ro-RO\">S\u0103rb\u0103toarea \u00cenvierii ne aduce \u00eempreun\u0103 \u00eentr-o comuniune a iert\u0103rii \u0219i a rena\u0219terii. \u00cen mijlocul tuturor \u00eencerc\u0103rilor prin care trecem, M\u0103rea\u021ba Zi ne ofer\u0103 prilejul s\u0103 fim al\u0103turi de cei dragi \u0219i ne aminte\u0219te c\u0103 suntem \u00eenso\u021bi\u021bi mereu de iubirea \u0219i puterea divin\u0103.<br \/>\n<\/span><\/span><\/span><\/span><span style=\"color: #050505;\"><span style=\"font-family: Times New Roman, serif;\"><span style=\"font-size: large;\"><span lang=\"ro-RO\">Pa\u0219tele este chemarea cre\u0219tin\u0103 la iubirea aproapelui \u015fi \u00eendemnul convie\u021buirii \u00een pace \u0219i bun\u0103 \u00een\u021belegere. \u00cen acest spirit de solidaritate, s\u0103 ne \u00eendrept\u0103m g\u00e2ndurile \u0219i rug\u0103ciunile c\u0103tre cei \u00een suferin\u021b\u0103, oferindu-le lumina speran\u021bei. Puterea noastr\u0103 cea mai mare rezid\u0103 prin fapta de a ne \u00eengriji unii de al\u021bii \u0219i de a le fi de folos celor afla\u021bi \u00een nevoie.<br \/>\nSfintele Pa\u015fti s\u0103 ne \u00eent\u0103reasc\u0103 \u00een credin\u0163\u0103, s\u0103 ne c\u0103l\u0103uzeasc\u0103 pe mai departe cu lumina \u00cenvierii Domnului, spre \u00eemplinirea binelui comun.<br \/>\nPa\u0219te Fericit!<\/span><\/span><\/span><\/span><\/p>\n<p><span style=\"color: #050505;\"><span style=\"font-family: Times New Roman, serif;\"><span style=\"font-size: large;\"><span lang=\"ro-RO\">Vadim H\u00eencu<br \/>\nPretorul sectorului Centru<br \/>\n<\/span><\/span><\/span><\/span><\/p>\n\n\t\t<\/div>\n\t<\/div>\n<\/div><\/div><\/div><\/div><div class=\"vc_row wpb_row vc_row-fluid dt-default\" style=\"margin-top: 0px;margin-bottom: 0px\"><div class=\"wpb_column vc_column_container vc_col-sm-12\"><div class=\"vc_column-inner\"><div class=\"wpb_wrapper\">\n\t<div  class=\"wpb_single_image wpb_content_element vc_align_left\">\n\t\t\n\t\t<figure class=\"wpb_wrapper vc_figure\">\n\t\t\t<div class=\"vc_single_image-wrapper   vc_box_border_grey\"><img width=\"1000\" height=\"838\" src=\"https:\/\/chisinaucentru.md\/wp-content\/uploads\/2025\/04\/1-2-1-copy.jpg\" class=\"vc_single_image-img attachment-full\" alt=\"\" loading=\"lazy\" title=\"Happy Easter Facebook Post - 1\" srcset=\"https:\/\/chisinaucentru.md\/wp-content\/uploads\/2025\/04\/1-2-1-copy.jpg 1000w, https:\/\/chisinaucentru.md\/wp-content\/uploads\/2025\/04\/1-2-1-copy-300x251.jpg 300w, https:\/\/chisinaucentru.md\/wp-content\/uploads\/2025\/04\/1-2-1-copy-768x644.jpg 768w, https:\/\/chisinaucentru.md\/wp-content\/uploads\/2025\/04\/1-2-1-copy-14x12.jpg 14w\" sizes=\"(max-width: 1000px) 100vw, 1000px\"  data-dt-location=\"https:\/\/chisinaucentru.md\/en\/mesajul-pretorului-sectorului-centru-vadim-hincu-cu-prilejul-sarbatorilor-pascale\/happy-easter-facebook-post-1\/\" \/><\/div>\n\t\t<\/figure>\n\t<\/div>\n<\/div><\/div><\/div><\/div>","protected":false},"excerpt":{"rendered":"<p>S\u0103rb\u0103toarea \u00cenvierii ne aduce \u00eempreun\u0103 \u00eentr-o comuniune a iert\u0103rii \u0219i a rena\u0219terii. \u00cen mijlocul tuturor \u00eencerc\u0103rilor prin care trecem, M\u0103rea\u021ba Zi ne ofer\u0103 prilejul s\u0103 fim al\u0103turi de cei dragi \u0219i ne aminte\u0219te c\u0103 suntem \u00eenso\u021bi\u021bi mereu de iubirea \u0219i puterea divin\u0103. Pa\u0219tele este chemarea cre\u0219tin\u0103 la iubirea aproapelui \u015fi \u00eendemnul convie\u021buirii \u00een pace \u0219i&hellip;<\/p>","protected":false},"author":1,"featured_media":89915,"comment_status":"open","ping_status":"open","sticky":false,"template":"","format":"standard","meta":[],"categories":[244],"tags":[],"acf":[],"_links":{"self":[{"href":"https:\/\/chisinaucentru.md\/en\/wp-json\/wp\/v2\/posts\/89913"}],"collection":[{"href":"https:\/\/chisinaucentru.md\/en\/wp-json\/wp\/v2\/posts"}],"about":[{"href":"https:\/\/chisinaucentru.md\/en\/wp-json\/wp\/v2\/types\/post"}],"author":[{"embeddable":true,"href":"https:\/\/chisinaucentru.md\/en\/wp-json\/wp\/v2\/users\/1"}],"replies":[{"embeddable":true,"href":"https:\/\/chisinaucentru.md\/en\/wp-json\/wp\/v2\/comments?post=89913"}],"version-history":[{"count":3,"href":"https:\/\/chisinaucentru.md\/en\/wp-json\/wp\/v2\/posts\/89913\/revisions"}],"predecessor-version":[{"id":89917,"href":"https:\/\/chisinaucentru.md\/en\/wp-json\/wp\/v2\/posts\/89913\/revisions\/89917"}],"wp:featuredmedia":[{"embeddable":true,"href":"https:\/\/chisinaucentru.md\/en\/wp-json\/wp\/v2\/media\/89915"}],"wp:attachment":[{"href":"https:\/\/chisinaucentru.md\/en\/wp-json\/wp\/v2\/media?parent=89913"}],"wp:term":[{"taxonomy":"category","embeddable":true,"href":"https:\/\/chisinaucentru.md\/en\/wp-json\/wp\/v2\/categories?post=89913"},{"taxonomy":"post_tag","embeddable":true,"href":"https:\/\/chisinaucentru.md\/en\/wp-json\/wp\/v2\/tags?post=89913"}],"curies":[{"name":"wp","href":"https:\/\/api.w.org\/{rel}","templated":true}]}}