{"id":89412,"date":"2025-04-07T22:39:55","date_gmt":"2025-04-07T19:39:55","guid":{"rendered":"https:\/\/chisinaucentru.md\/?p=89412"},"modified":"2025-04-14T19:44:58","modified_gmt":"2025-04-14T16:44:58","slug":"pretorul-vadim-hincu-la-gala-premiilor-unitem-2025","status":"publish","type":"post","link":"https:\/\/chisinaucentru.md\/en\/pretorul-vadim-hincu-la-gala-premiilor-unitem-2025\/","title":{"rendered":"Pretorul, Vadim H\u00eencu, la Gala premiilor UNITEM 2025"},"content":{"rendered":"<div class=\"vc_row wpb_row vc_row-fluid dt-default\" style=\"margin-top: 0px;margin-bottom: 0px\"><div class=\"wpb_column vc_column_container vc_col-sm-12\"><div class=\"vc_column-inner\"><div class=\"wpb_wrapper\">\n\t<div class=\"wpb_text_column wpb_content_element\" >\n\t\t<div class=\"wpb_wrapper\">\n\t\t\t<p><span style=\"color: #050505;\"><span style=\"font-family: Times New Roman, serif;\"><span style=\"font-size: large;\"><span lang=\"ro-RO\">\u201eSunt onorat \u0219i deosebit de bucuros c\u0103 am avut ocazia s\u0103 particip la cea de-a XXIV-a edi\u021bie a Galei Premiilor UNITEM \u2013 un eveniment de referin\u021b\u0103 pentru lumea teatrului din Republica Moldova.<\/span><\/span><\/span><\/span><\/p>\n<p><span style=\"color: #050505;\"><span style=\"font-family: Times New Roman, serif;\"><span style=\"font-size: large;\"><span lang=\"ro-RO\">A fost o sear\u0103 plin\u0103 de emo\u021bie, talent \u0219i recunoa\u0219tere pentru cei care, prin pasiune \u0219i d\u0103ruire, dau via\u021b\u0103 scenei \u0219i suflet publicului. Felicit\u0103ri tuturor laurea\u021bilor \u0219i celor care contribuie zilnic la dezvoltarea artei teatrale!<\/span><\/span><\/span><\/span><\/p>\n<p><span style=\"color: #050505;\"><span style=\"font-family: Times New Roman, serif;\"><span style=\"font-size: large;\"><span lang=\"ro-RO\">Teatrul este \u0219i va r\u0103m\u00e2ne un pilon important al culturii noastre. Mul\u021bumesc organizatorilor pentru invita\u021bie \u0219i pentru efortul de a p\u0103stra aceast\u0103 frumoas\u0103 tradi\u021bie vie!\u201d a declarat Pretorul sectorului Centru, Vadim H\u00eencu.<\/span><\/span><\/span><\/span><\/p>\n\n\t\t<\/div>\n\t<\/div>\n<\/div><\/div><\/div><\/div><div class=\"vc_row wpb_row vc_row-fluid dt-default\" style=\"margin-top: 0px;margin-bottom: 0px\"><div class=\"wpb_column vc_column_container vc_col-sm-12\"><div class=\"vc_column-inner\"><div class=\"wpb_wrapper\">\n<div class=\"vc_grid-container-wrapper vc_clearfix vc_grid-animation-fadeIn\">\n\t<div class=\"vc_grid-container vc_clearfix wpb_content_element vc_media_grid\" data-initial-loading-animation=\"fadeIn\" data-vc-grid-settings=\"{&quot;page_id&quot;:89412,&quot;style&quot;:&quot;all&quot;,&quot;action&quot;:&quot;vc_get_vc_grid_data&quot;,&quot;shortcode_id&quot;:&quot;1744649002800-db435b9a0fb1b63e1ad81f2b08b19715-5&quot;,&quot;tag&quot;:&quot;vc_media_grid&quot;}\" data-vc-request=\"https:\/\/chisinaucentru.md\/wp-admin\/admin-ajax.php\" data-vc-post-id=\"89412\" data-vc-public-nonce=\"fb1b8afed9\">\n\t\t\n\t<\/div>\n<\/div><\/div><\/div><\/div><\/div>","protected":false},"excerpt":{"rendered":"<p>\u201eSunt onorat \u0219i deosebit de bucuros c\u0103 am avut ocazia s\u0103 particip la cea de-a XXIV-a edi\u021bie a Galei Premiilor UNITEM \u2013 un eveniment de referin\u021b\u0103 pentru lumea teatrului din Republica Moldova. A fost o sear\u0103 plin\u0103 de emo\u021bie, talent \u0219i recunoa\u0219tere pentru cei care, prin pasiune \u0219i d\u0103ruire, dau via\u021b\u0103 scenei \u0219i suflet publicului.&hellip;<\/p>","protected":false},"author":1,"featured_media":89414,"comment_status":"open","ping_status":"open","sticky":false,"template":"","format":"standard","meta":[],"categories":[244],"tags":[],"acf":[],"_links":{"self":[{"href":"https:\/\/chisinaucentru.md\/en\/wp-json\/wp\/v2\/posts\/89412"}],"collection":[{"href":"https:\/\/chisinaucentru.md\/en\/wp-json\/wp\/v2\/posts"}],"about":[{"href":"https:\/\/chisinaucentru.md\/en\/wp-json\/wp\/v2\/types\/post"}],"author":[{"embeddable":true,"href":"https:\/\/chisinaucentru.md\/en\/wp-json\/wp\/v2\/users\/1"}],"replies":[{"embeddable":true,"href":"https:\/\/chisinaucentru.md\/en\/wp-json\/wp\/v2\/comments?post=89412"}],"version-history":[{"count":3,"href":"https:\/\/chisinaucentru.md\/en\/wp-json\/wp\/v2\/posts\/89412\/revisions"}],"predecessor-version":[{"id":89426,"href":"https:\/\/chisinaucentru.md\/en\/wp-json\/wp\/v2\/posts\/89412\/revisions\/89426"}],"wp:featuredmedia":[{"embeddable":true,"href":"https:\/\/chisinaucentru.md\/en\/wp-json\/wp\/v2\/media\/89414"}],"wp:attachment":[{"href":"https:\/\/chisinaucentru.md\/en\/wp-json\/wp\/v2\/media?parent=89412"}],"wp:term":[{"taxonomy":"category","embeddable":true,"href":"https:\/\/chisinaucentru.md\/en\/wp-json\/wp\/v2\/categories?post=89412"},{"taxonomy":"post_tag","embeddable":true,"href":"https:\/\/chisinaucentru.md\/en\/wp-json\/wp\/v2\/tags?post=89412"}],"curies":[{"name":"wp","href":"https:\/\/api.w.org\/{rel}","templated":true}]}}