{"id":89252,"date":"2025-04-05T14:14:31","date_gmt":"2025-04-05T11:14:31","guid":{"rendered":"https:\/\/chisinaucentru.md\/?p=89252"},"modified":"2025-04-07T14:15:49","modified_gmt":"2025-04-07T11:15:49","slug":"vadim-hincu-pretorul-sectorului-centru-si-ion-ceban-primar-general-de-chisinau-au-mers-in-teren-astazi-5-aprilie-la-soseaua-hincesti-aflata-in-reparatie-capitala","status":"publish","type":"post","link":"https:\/\/chisinaucentru.md\/en\/vadim-hincu-pretorul-sectorului-centru-si-ion-ceban-primar-general-de-chisinau-au-mers-in-teren-astazi-5-aprilie-la-soseaua-hincesti-aflata-in-reparatie-capitala\/","title":{"rendered":"Vadim H\u00eencu, Pretorul sectorului Centru \u0219i Ion Ceban, Primar General de Chi\u0219in\u0103u, au mers \u00een teren ast\u0103zi, 5 aprilie, la \u0219oseaua H\u00eence\u0219ti, aflat\u0103 \u00een repara\u021bie capital\u0103"},"content":{"rendered":"<div class=\"vc_row wpb_row vc_row-fluid dt-default\" style=\"margin-top: 0px;margin-bottom: 0px\"><div class=\"wpb_column vc_column_container vc_col-sm-12\"><div class=\"vc_column-inner\"><div class=\"wpb_wrapper\">\n<div class=\"vc_grid-container-wrapper vc_clearfix vc_grid-animation-fadeIn\">\n\t<div class=\"vc_grid-container vc_clearfix wpb_content_element vc_media_grid\" data-initial-loading-animation=\"fadeIn\" data-vc-grid-settings=\"{&quot;page_id&quot;:89252,&quot;style&quot;:&quot;all&quot;,&quot;action&quot;:&quot;vc_get_vc_grid_data&quot;,&quot;shortcode_id&quot;:&quot;1744024504014-71399d885f8b105ade08c8e01b6ce197-2&quot;,&quot;tag&quot;:&quot;vc_media_grid&quot;}\" data-vc-request=\"https:\/\/chisinaucentru.md\/wp-admin\/admin-ajax.php\" data-vc-post-id=\"89252\" data-vc-public-nonce=\"8ed656b19b\">\n\t\t\n\t<\/div>\n<\/div><\/div><\/div><\/div><\/div>","protected":false},"excerpt":{"rendered":"","protected":false},"author":1,"featured_media":89254,"comment_status":"open","ping_status":"open","sticky":false,"template":"","format":"standard","meta":[],"categories":[244],"tags":[],"acf":[],"_links":{"self":[{"href":"https:\/\/chisinaucentru.md\/en\/wp-json\/wp\/v2\/posts\/89252"}],"collection":[{"href":"https:\/\/chisinaucentru.md\/en\/wp-json\/wp\/v2\/posts"}],"about":[{"href":"https:\/\/chisinaucentru.md\/en\/wp-json\/wp\/v2\/types\/post"}],"author":[{"embeddable":true,"href":"https:\/\/chisinaucentru.md\/en\/wp-json\/wp\/v2\/users\/1"}],"replies":[{"embeddable":true,"href":"https:\/\/chisinaucentru.md\/en\/wp-json\/wp\/v2\/comments?post=89252"}],"version-history":[{"count":2,"href":"https:\/\/chisinaucentru.md\/en\/wp-json\/wp\/v2\/posts\/89252\/revisions"}],"predecessor-version":[{"id":89260,"href":"https:\/\/chisinaucentru.md\/en\/wp-json\/wp\/v2\/posts\/89252\/revisions\/89260"}],"wp:featuredmedia":[{"embeddable":true,"href":"https:\/\/chisinaucentru.md\/en\/wp-json\/wp\/v2\/media\/89254"}],"wp:attachment":[{"href":"https:\/\/chisinaucentru.md\/en\/wp-json\/wp\/v2\/media?parent=89252"}],"wp:term":[{"taxonomy":"category","embeddable":true,"href":"https:\/\/chisinaucentru.md\/en\/wp-json\/wp\/v2\/categories?post=89252"},{"taxonomy":"post_tag","embeddable":true,"href":"https:\/\/chisinaucentru.md\/en\/wp-json\/wp\/v2\/tags?post=89252"}],"curies":[{"name":"wp","href":"https:\/\/api.w.org\/{rel}","templated":true}]}}