{"id":88638,"date":"2025-03-24T18:48:54","date_gmt":"2025-03-24T16:48:54","guid":{"rendered":"https:\/\/chisinaucentru.md\/?p=88638"},"modified":"2025-03-24T18:48:54","modified_gmt":"2025-03-24T16:48:54","slug":"sportul-la-masa-discutiilor-in-centru","status":"publish","type":"post","link":"https:\/\/chisinaucentru.md\/en\/sportul-la-masa-discutiilor-in-centru\/","title":{"rendered":"Sportul, la masa discu\u021biilor \u00een Centru"},"content":{"rendered":"<div class=\"vc_row wpb_row vc_row-fluid dt-default\" style=\"margin-top: 0px;margin-bottom: 0px\"><div class=\"wpb_column vc_column_container vc_col-sm-12\"><div class=\"vc_column-inner\"><div class=\"wpb_wrapper\">\n\t<div class=\"wpb_text_column wpb_content_element\" >\n\t\t<div class=\"wpb_wrapper\">\n\t\t\t<p><span style=\"color: #050505;\"><span style=\"font-family: Times New Roman, serif;\"><span style=\"font-size: large;\"><span lang=\"ro-RO\">Sec\u021bia cultur\u0103, tineret \u0219i sport din cadrul Preturii a primit ast\u0103zi, 24 martie, vizita profesorilor de educa\u021bie fizic\u0103 ai institu\u021biilor de \u00eenv\u0103\u021b\u0103m\u00e2nt din sector, \u00een contextul organiz\u0103rii unei \u0219edin\u021be de lucru pe domeniul sportiv.<\/span><\/span><\/span><\/span><\/p>\n<p><span style=\"color: #050505;\"><span style=\"font-family: Times New Roman, serif;\"><span style=\"font-size: large;\"><span lang=\"ro-RO\">Cu aceast\u0103 ocazie, au fost supuse consult\u0103rii propunerile de organizare a activit\u0103\u021bilor cultural-sportive pentru anul \u00een curs, creionarea unei agende preliminare, identificarea p\u0103r\u021bilor de contribu\u021bie a participan\u021bilor \u00een procesul desf\u0103\u0219ur\u0103rii competi\u021biilor planificate, convenind \u00een comun la ideea c\u0103 baza dezvolt\u0103rii culturii sportive, transformarea acesteia din activitate recreativ\u0103 \u00een domeniu generator de performan\u021b\u0103 \u0219i imagine local\u0103 o constituie abordarea colaborativ\u0103 \u00eentre institu\u021biile administrative \u0219i de profil sportiv\/educative.<\/span><\/span><\/span><\/span><\/p>\n<p><span style=\"color: #050505;\"><span style=\"font-family: Times New Roman, serif;\"><span style=\"font-size: large;\"><span lang=\"ro-RO\">Astfel, Pretura sectorului Centru, recunosc\u0103toare implic\u0103rii deschise a cadrelor didactice, a antrenorilor, dar \u0219i a partenerilor sus\u021bin\u0103tori ai domeniului, este \u00eencrez\u0103toare c\u0103 Planul de ac\u021biuni dedicat culturii fizice tuturor v\u00e2rstelor \u00een sectorul Centru, \u00eel va dep\u0103\u0219i cu mult pe cel de anul precedent.<\/span><\/span><\/span><\/span><\/p>\n<p><span style=\"color: #050505;\"><span style=\"font-family: Times New Roman, serif;\"><span style=\"font-size: large;\"><span lang=\"ro-RO\">Cea de-a doua competi\u021bie sportiv\u0103 de sector din 2025 \u00ee\u0219i va afla \u00eenving\u0103torii chiar \u00een aceast\u0103 s\u0103pt\u0103m\u00e2n\u0103, pe 27 \u0219i 28 martie, \u00een cadrul turneului masculin de volei.<br \/>\n<\/span><\/span><\/span><\/span><\/p>\n\n\t\t<\/div>\n\t<\/div>\n<\/div><\/div><\/div><\/div><div class=\"vc_row wpb_row vc_row-fluid dt-default\" style=\"margin-top: 0px;margin-bottom: 0px\"><div class=\"wpb_column vc_column_container vc_col-sm-12\"><div class=\"vc_column-inner\"><div class=\"wpb_wrapper\">\n<div class=\"vc_grid-container-wrapper vc_clearfix vc_grid-animation-fadeIn\">\n\t<div class=\"vc_grid-container vc_clearfix wpb_content_element vc_media_grid\" data-initial-loading-animation=\"fadeIn\" data-vc-grid-settings=\"{&quot;page_id&quot;:88638,&quot;style&quot;:&quot;all&quot;,&quot;action&quot;:&quot;vc_get_vc_grid_data&quot;,&quot;shortcode_id&quot;:&quot;1742834693740-c2721e9d42b0e92153fef5b1d5c06aae-0&quot;,&quot;tag&quot;:&quot;vc_media_grid&quot;}\" data-vc-request=\"https:\/\/chisinaucentru.md\/wp-admin\/admin-ajax.php\" data-vc-post-id=\"88638\" data-vc-public-nonce=\"71e3d605dc\">\n\t\t\n\t<\/div>\n<\/div><\/div><\/div><\/div><\/div>","protected":false},"excerpt":{"rendered":"<p>Sec\u021bia cultur\u0103, tineret \u0219i sport din cadrul Preturii a primit ast\u0103zi, 24 martie, vizita profesorilor de educa\u021bie fizic\u0103 ai institu\u021biilor de \u00eenv\u0103\u021b\u0103m\u00e2nt din sector, \u00een contextul organiz\u0103rii unei \u0219edin\u021be de lucru pe domeniul sportiv. Cu aceast\u0103 ocazie, au fost supuse consult\u0103rii propunerile de organizare a activit\u0103\u021bilor cultural-sportive pentru anul \u00een curs, creionarea unei agende preliminare,&hellip;<\/p>","protected":false},"author":1,"featured_media":88649,"comment_status":"open","ping_status":"open","sticky":false,"template":"","format":"standard","meta":[],"categories":[244],"tags":[],"acf":[],"_links":{"self":[{"href":"https:\/\/chisinaucentru.md\/en\/wp-json\/wp\/v2\/posts\/88638"}],"collection":[{"href":"https:\/\/chisinaucentru.md\/en\/wp-json\/wp\/v2\/posts"}],"about":[{"href":"https:\/\/chisinaucentru.md\/en\/wp-json\/wp\/v2\/types\/post"}],"author":[{"embeddable":true,"href":"https:\/\/chisinaucentru.md\/en\/wp-json\/wp\/v2\/users\/1"}],"replies":[{"embeddable":true,"href":"https:\/\/chisinaucentru.md\/en\/wp-json\/wp\/v2\/comments?post=88638"}],"version-history":[{"count":3,"href":"https:\/\/chisinaucentru.md\/en\/wp-json\/wp\/v2\/posts\/88638\/revisions"}],"predecessor-version":[{"id":88657,"href":"https:\/\/chisinaucentru.md\/en\/wp-json\/wp\/v2\/posts\/88638\/revisions\/88657"}],"wp:featuredmedia":[{"embeddable":true,"href":"https:\/\/chisinaucentru.md\/en\/wp-json\/wp\/v2\/media\/88649"}],"wp:attachment":[{"href":"https:\/\/chisinaucentru.md\/en\/wp-json\/wp\/v2\/media?parent=88638"}],"wp:term":[{"taxonomy":"category","embeddable":true,"href":"https:\/\/chisinaucentru.md\/en\/wp-json\/wp\/v2\/categories?post=88638"},{"taxonomy":"post_tag","embeddable":true,"href":"https:\/\/chisinaucentru.md\/en\/wp-json\/wp\/v2\/tags?post=88638"}],"curies":[{"name":"wp","href":"https:\/\/api.w.org\/{rel}","templated":true}]}}