{"id":87973,"date":"2025-03-13T15:13:45","date_gmt":"2025-03-13T13:13:45","guid":{"rendered":"https:\/\/chisinaucentru.md\/?p=87973"},"modified":"2025-03-13T15:13:45","modified_gmt":"2025-03-13T13:13:45","slug":"actiune-ecologica-la-spatiul-public-din-sectorul-centru-a-fost-desfasurata-in-contextul-lansarii-campaniei-de-salubrizare-curatenia-generala-de-primavara-in-municipiul-chisinau","status":"publish","type":"post","link":"https:\/\/chisinaucentru.md\/en\/actiune-ecologica-la-spatiul-public-din-sectorul-centru-a-fost-desfasurata-in-contextul-lansarii-campaniei-de-salubrizare-curatenia-generala-de-primavara-in-municipiul-chisinau\/","title":{"rendered":"Ac\u021biune ecologic\u0103 la spa\u021biul public din sectorul Centru a fost desf\u0103\u0219urat\u0103 \u00een contextul lans\u0103rii campaniei de salubrizare \u201dCur\u0103\u021benia general\u0103 de prim\u0103var\u0103\u201d \u00een municipiul Chi\u0219in\u0103u"},"content":{"rendered":"<div class=\"vc_row wpb_row vc_row-fluid dt-default\" style=\"margin-top: 0px;margin-bottom: 0px\"><div class=\"wpb_column vc_column_container vc_col-sm-12\"><div class=\"vc_column-inner\"><div class=\"wpb_wrapper\">\n\t<div class=\"wpb_text_column wpb_content_element\" >\n\t\t<div class=\"wpb_wrapper\">\n\t\t\t<p><span style=\"color: #050505;\"><span style=\"font-family: Times New Roman, serif;\"><span style=\"font-size: large;\"><span lang=\"ro-RO\">Pretura sectorului Centru, prin intermediul \u00ceMSL Centru, a salubrizat terenul public din strada C\u0103rbunari spre Calea Basarabiei \u0219i la strada Ion Incule\u021b, unde se acumulau de\u0219euri de divers\u0103 provenien\u021b\u0103 abandonate iresponsabil.<\/span><\/span><\/span><\/span><\/p>\n<p><span style=\"color: #050505;\"><span style=\"font-family: Times New Roman, serif;\"><span style=\"font-size: large;\"><span lang=\"ro-RO\">De c\u0103tre angaja\u021bii \u00centreprinderii Municipale Prest\u0103ri Servicii Locative Centru a fost igienizat spa\u021biul public at\u00e2t manual, c\u00e2t \u0219i cu ajutorul autospecialelor, fiind evacuate mai multe rute de gunoi.<\/span><\/span><\/span><\/span><\/p>\n<p><span style=\"color: #050505;\"><span style=\"font-family: Times New Roman, serif;\"><span style=\"font-size: large;\"><span lang=\"ro-RO\">Urm\u0103rind scopul comun de diminuare a polu\u0103rii regionale \u0219i prevenire a efectelor de contaminare asupra s\u0103n\u0103t\u0103\u021bii umane, de conservare a mediului \u0219i promovare a comportamentului civilizat, v\u0103 \u00eendemn\u0103m s\u0103 depozita\u021bi con\u0219tiincios de\u0219eurile de orice tip \u00een locuri special predestinate.<br \/>\n<\/span><\/span><\/span><\/span><\/p>\n\n\t\t<\/div>\n\t<\/div>\n<\/div><\/div><\/div><\/div><div class=\"vc_row wpb_row vc_row-fluid dt-default\" style=\"margin-top: 0px;margin-bottom: 0px\"><div class=\"wpb_column vc_column_container vc_col-sm-12\"><div class=\"vc_column-inner\"><div class=\"wpb_wrapper\">\n<div class=\"vc_grid-container-wrapper vc_clearfix vc_grid-animation-fadeIn\">\n\t<div class=\"vc_grid-container vc_clearfix wpb_content_element vc_media_grid\" data-initial-loading-animation=\"fadeIn\" data-vc-grid-settings=\"{&quot;page_id&quot;:87973,&quot;style&quot;:&quot;all&quot;,&quot;action&quot;:&quot;vc_get_vc_grid_data&quot;,&quot;shortcode_id&quot;:&quot;1741871219418-ab5783e7e000f7e980b3d43e7b03de3e-4&quot;,&quot;tag&quot;:&quot;vc_media_grid&quot;}\" data-vc-request=\"https:\/\/chisinaucentru.md\/wp-admin\/admin-ajax.php\" data-vc-post-id=\"87973\" data-vc-public-nonce=\"39ce34e9ee\">\n\t\t\n\t<\/div>\n<\/div><\/div><\/div><\/div><\/div>","protected":false},"excerpt":{"rendered":"<p>Pretura sectorului Centru, prin intermediul \u00ceMSL Centru, a salubrizat terenul public din strada C\u0103rbunari spre Calea Basarabiei \u0219i la strada Ion Incule\u021b, unde se acumulau de\u0219euri de divers\u0103 provenien\u021b\u0103 abandonate iresponsabil. De c\u0103tre angaja\u021bii \u00centreprinderii Municipale Prest\u0103ri Servicii Locative Centru a fost igienizat spa\u021biul public at\u00e2t manual, c\u00e2t \u0219i cu ajutorul autospecialelor, fiind evacuate mai&hellip;<\/p>","protected":false},"author":1,"featured_media":87984,"comment_status":"open","ping_status":"open","sticky":false,"template":"","format":"standard","meta":[],"categories":[244],"tags":[],"acf":[],"_links":{"self":[{"href":"https:\/\/chisinaucentru.md\/en\/wp-json\/wp\/v2\/posts\/87973"}],"collection":[{"href":"https:\/\/chisinaucentru.md\/en\/wp-json\/wp\/v2\/posts"}],"about":[{"href":"https:\/\/chisinaucentru.md\/en\/wp-json\/wp\/v2\/types\/post"}],"author":[{"embeddable":true,"href":"https:\/\/chisinaucentru.md\/en\/wp-json\/wp\/v2\/users\/1"}],"replies":[{"embeddable":true,"href":"https:\/\/chisinaucentru.md\/en\/wp-json\/wp\/v2\/comments?post=87973"}],"version-history":[{"count":3,"href":"https:\/\/chisinaucentru.md\/en\/wp-json\/wp\/v2\/posts\/87973\/revisions"}],"predecessor-version":[{"id":88005,"href":"https:\/\/chisinaucentru.md\/en\/wp-json\/wp\/v2\/posts\/87973\/revisions\/88005"}],"wp:featuredmedia":[{"embeddable":true,"href":"https:\/\/chisinaucentru.md\/en\/wp-json\/wp\/v2\/media\/87984"}],"wp:attachment":[{"href":"https:\/\/chisinaucentru.md\/en\/wp-json\/wp\/v2\/media?parent=87973"}],"wp:term":[{"taxonomy":"category","embeddable":true,"href":"https:\/\/chisinaucentru.md\/en\/wp-json\/wp\/v2\/categories?post=87973"},{"taxonomy":"post_tag","embeddable":true,"href":"https:\/\/chisinaucentru.md\/en\/wp-json\/wp\/v2\/tags?post=87973"}],"curies":[{"name":"wp","href":"https:\/\/api.w.org\/{rel}","templated":true}]}}