{"id":87939,"date":"2025-03-12T14:57:38","date_gmt":"2025-03-12T12:57:38","guid":{"rendered":"https:\/\/chisinaucentru.md\/?p=87939"},"modified":"2025-03-13T15:05:35","modified_gmt":"2025-03-13T13:05:35","slug":"prevenirea-delincventei-juvenile-in-sectorul-centru-subiectul-unei-sedinte-de-lucru-organizate-la-pretura-sectorului-centru","status":"publish","type":"post","link":"https:\/\/chisinaucentru.md\/en\/prevenirea-delincventei-juvenile-in-sectorul-centru-subiectul-unei-sedinte-de-lucru-organizate-la-pretura-sectorului-centru\/","title":{"rendered":"Prevenirea delincven\u021bei juvenile \u00een sectorul Centru, subiectul unei \u0219edin\u021be de lucru organizate la Pretura sectorului Centru"},"content":{"rendered":"<div class=\"vc_row wpb_row vc_row-fluid dt-default\" style=\"margin-top: 0px;margin-bottom: 0px\"><div class=\"wpb_column vc_column_container vc_col-sm-12\"><div class=\"vc_column-inner\"><div class=\"wpb_wrapper\">\n\t<div class=\"wpb_text_column wpb_content_element\" >\n\t\t<div class=\"wpb_wrapper\">\n\t\t\t<p><span style=\"color: #050505;\"><span style=\"font-family: Times New Roman, serif;\"><span style=\"font-size: large;\"><span lang=\"ro-RO\">\u00cen data de 12 martie curent, Pretorul sectorului Centru, Vadim H\u00eencu a participat \u00een cadrul seminarului organizat la ini\u021biativa Inspectoratului de Poli\u021bie Centru, comisar \u0219ef- Lilian Luca, de comun cu Direc\u021bia Educa\u021bie, Tineret \u0219i Sport Centru, \u0219ef- Natalia Str\u0103jesco, pe subiectul consumului de tutun \u0219i droguri \u00een r\u00e2ndul copiilor.<\/span><\/span><\/span><\/span><\/p>\n<p><span style=\"color: #050505;\"><span style=\"font-family: Times New Roman, serif;\"><span style=\"font-size: large;\"><span lang=\"ro-RO\">Poli\u021bi\u0219tii \u00een dialog cu directorii de \u0219coli au stabilit m\u0103suri concrete pentru identificarea \u0219i sprijinirea copiilor afla\u021bi \u00een situa\u021bii de risc \u0219i raportarea imediat\u0103 a cazurilor identificate, conform prevederilor legisla\u021biei.<\/span><\/span><\/span><\/span><\/p>\n<p><span style=\"color: #050505;\"><span style=\"font-family: Times New Roman, serif;\"><span style=\"font-size: large;\"><span lang=\"ro-RO\">Totodat\u0103, s-a pus accent pe implicarea cadrelor didactice \u0219i a angaja\u021bilor poli\u021biei \u00een informarea, educarea \u0219i con\u0219tientizarea de c\u0103tre copii a efectelor nocive urmare a consumului de substan\u021be interzise, c\u00e2t \u0219i promovarea unui stil s\u0103n\u0103tos de via\u021b\u0103.<\/span><\/span><\/span><\/span><\/p>\n<p><span style=\"color: #050505;\"><span style=\"font-family: Times New Roman, serif;\"><span style=\"font-size: large;\"><span lang=\"ro-RO\">Obiectivul prioritar stabilit este consolidarea capacit\u0103\u0163ilor de prevenire \u015fi combatere a comportamentelor deviante \u0219i a infrac\u021bionalit\u0103\u021bii \u00een r\u00e2ndul tinerei genera\u021bii, pentru asigurarea unui climat de siguran\u021b\u0103 \u00een sectorul Centru al Capitalei.<br \/>\n<\/span><\/span><\/span><\/span><\/p>\n\n\t\t<\/div>\n\t<\/div>\n<\/div><\/div><\/div><\/div><div class=\"vc_row wpb_row vc_row-fluid dt-default\" style=\"margin-top: 0px;margin-bottom: 0px\"><div class=\"wpb_column vc_column_container vc_col-sm-12\"><div class=\"vc_column-inner\"><div class=\"wpb_wrapper\">\n<div class=\"vc_grid-container-wrapper vc_clearfix vc_grid-animation-fadeIn\">\n\t<div class=\"vc_grid-container vc_clearfix wpb_content_element vc_media_grid\" data-initial-loading-animation=\"fadeIn\" data-vc-grid-settings=\"{&quot;page_id&quot;:87939,&quot;style&quot;:&quot;all&quot;,&quot;action&quot;:&quot;vc_get_vc_grid_data&quot;,&quot;shortcode_id&quot;:&quot;1741870678459-45ffbc54d36ff65361b2dfb963411568-4&quot;,&quot;tag&quot;:&quot;vc_media_grid&quot;}\" data-vc-request=\"https:\/\/chisinaucentru.md\/wp-admin\/admin-ajax.php\" data-vc-post-id=\"87939\" data-vc-public-nonce=\"39ce34e9ee\">\n\t\t\n\t<\/div>\n<\/div><\/div><\/div><\/div><\/div>","protected":false},"excerpt":{"rendered":"<p>\u00cen data de 12 martie curent, Pretorul sectorului Centru, Vadim H\u00eencu a participat \u00een cadrul seminarului organizat la ini\u021biativa Inspectoratului de Poli\u021bie Centru, comisar \u0219ef- Lilian Luca, de comun cu Direc\u021bia Educa\u021bie, Tineret \u0219i Sport Centru, \u0219ef- Natalia Str\u0103jesco, pe subiectul consumului de tutun \u0219i droguri \u00een r\u00e2ndul copiilor. Poli\u021bi\u0219tii \u00een dialog cu directorii de&hellip;<\/p>","protected":false},"author":1,"featured_media":87950,"comment_status":"open","ping_status":"open","sticky":false,"template":"","format":"standard","meta":[],"categories":[244],"tags":[],"acf":[],"_links":{"self":[{"href":"https:\/\/chisinaucentru.md\/en\/wp-json\/wp\/v2\/posts\/87939"}],"collection":[{"href":"https:\/\/chisinaucentru.md\/en\/wp-json\/wp\/v2\/posts"}],"about":[{"href":"https:\/\/chisinaucentru.md\/en\/wp-json\/wp\/v2\/types\/post"}],"author":[{"embeddable":true,"href":"https:\/\/chisinaucentru.md\/en\/wp-json\/wp\/v2\/users\/1"}],"replies":[{"embeddable":true,"href":"https:\/\/chisinaucentru.md\/en\/wp-json\/wp\/v2\/comments?post=87939"}],"version-history":[{"count":3,"href":"https:\/\/chisinaucentru.md\/en\/wp-json\/wp\/v2\/posts\/87939\/revisions"}],"predecessor-version":[{"id":87972,"href":"https:\/\/chisinaucentru.md\/en\/wp-json\/wp\/v2\/posts\/87939\/revisions\/87972"}],"wp:featuredmedia":[{"embeddable":true,"href":"https:\/\/chisinaucentru.md\/en\/wp-json\/wp\/v2\/media\/87950"}],"wp:attachment":[{"href":"https:\/\/chisinaucentru.md\/en\/wp-json\/wp\/v2\/media?parent=87939"}],"wp:term":[{"taxonomy":"category","embeddable":true,"href":"https:\/\/chisinaucentru.md\/en\/wp-json\/wp\/v2\/categories?post=87939"},{"taxonomy":"post_tag","embeddable":true,"href":"https:\/\/chisinaucentru.md\/en\/wp-json\/wp\/v2\/tags?post=87939"}],"curies":[{"name":"wp","href":"https:\/\/api.w.org\/{rel}","templated":true}]}}