{"id":87766,"date":"2025-03-08T21:03:11","date_gmt":"2025-03-08T19:03:11","guid":{"rendered":"https:\/\/chisinaucentru.md\/?p=87766"},"modified":"2025-03-10T21:06:43","modified_gmt":"2025-03-10T19:06:43","slug":"mesajul-de-felicitare-al-pretorului-sectorului-centru-vadim-hincu-cu-prilejul-zilei-internationale-a-femeii","status":"publish","type":"post","link":"https:\/\/chisinaucentru.md\/en\/mesajul-de-felicitare-al-pretorului-sectorului-centru-vadim-hincu-cu-prilejul-zilei-internationale-a-femeii\/","title":{"rendered":"Mesajul de felicitare al Pretorului sectorului Centru, Vadim H\u00ceNCU cu prilejul Zilei Interna\u021bionale a Femeii"},"content":{"rendered":"<div class=\"vc_row wpb_row vc_row-fluid dt-default\" style=\"margin-top: 0px;margin-bottom: 0px\"><div class=\"wpb_column vc_column_container vc_col-sm-12\"><div class=\"vc_column-inner\"><div class=\"wpb_wrapper\">\n\t<div class=\"wpb_text_column wpb_content_element\" >\n\t\t<div class=\"wpb_wrapper\">\n\t\t\t<p><span style=\"color: #050505;\"><span style=\"font-family: Times New Roman, serif;\"><span style=\"font-size: large;\"><span lang=\"ro-RO\">\u00cen lumina frumoasei s\u0103rb\u0103tori- Ziua Interna\u021bional\u0103 a Femeii, cu apreciere f\u0103r\u0103 margini, sinceritate \u0219i reveren\u021b\u0103 \u00eemi \u00eendrept g\u00e2ndul c\u0103tre toate femeile din sectorul Centru, care particip\u0103 la via\u021ba comunit\u0103\u021bii prin tot ceea ce fac zi de zi.<\/span><\/span><\/span><\/span><\/p>\n<p><span style=\"color: #050505;\"><span style=\"font-family: Times New Roman, serif;\"><span style=\"font-size: large;\"><span lang=\"ro-RO\">O societate incluziv\u0103 \u0219i modern\u0103, spre care se \u00eendreapt\u0103 Chi\u0219in\u0103ul, pune \u00een valoare competen\u021ba \u0219i abilit\u0103\u021bile tuturor cet\u0103\u021benilor s\u0103i \u0219i ofer\u0103 femeilor pozi\u021bionare corect\u0103 \u00een via\u021ba social\u0103 \u0219i profesional\u0103. Sectorul Centru r\u0103m\u00e2ne dedicat viziunii de a consolida o comunitate bazat\u0103 pe egalitate de \u0219anse, accesibilitate, educa\u021bie, cultur\u0103, inovare \u0219i progres.<\/span><\/span><\/span><\/span><\/p>\n<p><span style=\"color: #050505;\"><span style=\"font-family: Times New Roman, serif;\"><span style=\"font-size: large;\"><span lang=\"ro-RO\">De ne\u00eenlocuit, \u00een toate aceste procese, este rolul femeilor care, prin activitatea lor profesional\u0103 sau contribu\u021bia voluntar\u0103, aduc echilibru \u0219i pun suflet.<br \/>\n&#8211; Cele care muncesc \u00een sector la salubrizare \u0219i \u00eenverzire, \u00eentotdeaua f\u0103r\u0103 weekend.<br \/>\n&#8211; Cele care s\u0103desc germenele educa\u021biei noilor genera\u021bii, fac apostolat \u0219i formeaz\u0103 oameni de seam\u0103.<br \/>\n&#8211; \u0218i cele care se \u00eengrijesc de s\u0103n\u0103tatea locuitorilor.<br \/>\n&#8211; Cele care promoveaz\u0103 cultura \u0219i sportul, lans\u00e2nd evenimente temerare pentru ca lumea s\u0103 petreac\u0103 frumos timpul \u00een Centru.<br \/>\n&#8211; \u0218i cele care asigur\u0103 respectarea legii \u0219i a normelor de bun\u0103 convie\u021buire \u00een comunitate, constat\u0103 contraven\u021bii, aliniaz\u0103 cet\u0103\u021benii la dreptate.<br \/>\n&#8211; Cele care din umbr\u0103 \u00eendeplinesc sarcini \u00eenzecite\u2026<br \/>\n<\/span><\/span><\/span><\/span><\/p>\n<p><span style=\"color: #050505;\"><span style=\"font-family: Times New Roman, serif;\"><span style=\"font-size: large;\"><span lang=\"ro-RO\">Dragi femei, la mul\u021bi ani!<br \/>\n<\/span><\/span><\/span><\/span><\/p>\n<p><span style=\"color: #050505;\"><span style=\"font-family: Times New Roman, serif;\"><span style=\"font-size: large;\"><span lang=\"ro-RO\">S\u0103 ave\u021bi \u00een continuare entuziasm \u0219i for\u021b\u0103 creatoare, \u0219i s\u0103 r\u0103m\u00e2ne\u021bi o voce la fel de puternic\u0103 \u00een dezvoltarea sectorului Centru al Capitalei!<\/span><\/span><\/span><\/span><\/p>\n<p><span style=\"color: #050505;\"><span style=\"font-family: Times New Roman, serif;\"><span style=\"font-size: large;\"><span lang=\"ro-RO\">Cu deosebit respect,<br \/>\nVadim H\u00ceNCU<br \/>\nPretor<br \/>\n<\/span><\/span><\/span><\/span><\/p>\n\n\t\t<\/div>\n\t<\/div>\n<\/div><\/div><\/div><\/div><div class=\"vc_row wpb_row vc_row-fluid dt-default\" style=\"margin-top: 0px;margin-bottom: 0px\"><div class=\"wpb_column vc_column_container vc_col-sm-12\"><div class=\"vc_column-inner\"><div class=\"wpb_wrapper\">\n\t<div  class=\"wpb_single_image wpb_content_element vc_align_left\">\n\t\t\n\t\t<figure class=\"wpb_wrapper vc_figure\">\n\t\t\t<div class=\"vc_single_image-wrapper   vc_box_border_grey\"><img width=\"1580\" height=\"1961\" src=\"https:\/\/chisinaucentru.md\/wp-content\/uploads\/2025\/03\/482135047_625077926934171_7720967071937558298_n.jpg\" class=\"vc_single_image-img attachment-full\" alt=\"\" loading=\"lazy\" title=\"482135047_625077926934171_7720967071937558298_n\" srcset=\"https:\/\/chisinaucentru.md\/wp-content\/uploads\/2025\/03\/482135047_625077926934171_7720967071937558298_n.jpg 1580w, https:\/\/chisinaucentru.md\/wp-content\/uploads\/2025\/03\/482135047_625077926934171_7720967071937558298_n-242x300.jpg 242w, https:\/\/chisinaucentru.md\/wp-content\/uploads\/2025\/03\/482135047_625077926934171_7720967071937558298_n-825x1024.jpg 825w, https:\/\/chisinaucentru.md\/wp-content\/uploads\/2025\/03\/482135047_625077926934171_7720967071937558298_n-768x953.jpg 768w, https:\/\/chisinaucentru.md\/wp-content\/uploads\/2025\/03\/482135047_625077926934171_7720967071937558298_n-1238x1536.jpg 1238w, https:\/\/chisinaucentru.md\/wp-content\/uploads\/2025\/03\/482135047_625077926934171_7720967071937558298_n-10x12.jpg 10w\" sizes=\"(max-width: 1580px) 100vw, 1580px\"  data-dt-location=\"https:\/\/chisinaucentru.md\/en\/mesajul-de-felicitare-al-pretorului-sectorului-centru-vadim-hincu-cu-prilejul-zilei-internationale-a-femeii\/482135047_625077926934171_7720967071937558298_n\/\" \/><\/div>\n\t\t<\/figure>\n\t<\/div>\n<\/div><\/div><\/div><\/div>","protected":false},"excerpt":{"rendered":"<p>\u00cen lumina frumoasei s\u0103rb\u0103tori- Ziua Interna\u021bional\u0103 a Femeii, cu apreciere f\u0103r\u0103 margini, sinceritate \u0219i reveren\u021b\u0103 \u00eemi \u00eendrept g\u00e2ndul c\u0103tre toate femeile din sectorul Centru, care particip\u0103 la via\u021ba comunit\u0103\u021bii prin tot ceea ce fac zi de zi. O societate incluziv\u0103 \u0219i modern\u0103, spre care se \u00eendreapt\u0103 Chi\u0219in\u0103ul, pune \u00een valoare competen\u021ba \u0219i abilit\u0103\u021bile tuturor cet\u0103\u021benilor&hellip;<\/p>","protected":false},"author":1,"featured_media":87774,"comment_status":"open","ping_status":"open","sticky":false,"template":"","format":"standard","meta":[],"categories":[244],"tags":[],"acf":[],"_links":{"self":[{"href":"https:\/\/chisinaucentru.md\/en\/wp-json\/wp\/v2\/posts\/87766"}],"collection":[{"href":"https:\/\/chisinaucentru.md\/en\/wp-json\/wp\/v2\/posts"}],"about":[{"href":"https:\/\/chisinaucentru.md\/en\/wp-json\/wp\/v2\/types\/post"}],"author":[{"embeddable":true,"href":"https:\/\/chisinaucentru.md\/en\/wp-json\/wp\/v2\/users\/1"}],"replies":[{"embeddable":true,"href":"https:\/\/chisinaucentru.md\/en\/wp-json\/wp\/v2\/comments?post=87766"}],"version-history":[{"count":2,"href":"https:\/\/chisinaucentru.md\/en\/wp-json\/wp\/v2\/posts\/87766\/revisions"}],"predecessor-version":[{"id":87775,"href":"https:\/\/chisinaucentru.md\/en\/wp-json\/wp\/v2\/posts\/87766\/revisions\/87775"}],"wp:featuredmedia":[{"embeddable":true,"href":"https:\/\/chisinaucentru.md\/en\/wp-json\/wp\/v2\/media\/87774"}],"wp:attachment":[{"href":"https:\/\/chisinaucentru.md\/en\/wp-json\/wp\/v2\/media?parent=87766"}],"wp:term":[{"taxonomy":"category","embeddable":true,"href":"https:\/\/chisinaucentru.md\/en\/wp-json\/wp\/v2\/categories?post=87766"},{"taxonomy":"post_tag","embeddable":true,"href":"https:\/\/chisinaucentru.md\/en\/wp-json\/wp\/v2\/tags?post=87766"}],"curies":[{"name":"wp","href":"https:\/\/api.w.org\/{rel}","templated":true}]}}