{"id":85838,"date":"2025-01-10T14:41:56","date_gmt":"2025-01-10T12:41:56","guid":{"rendered":"https:\/\/chisinaucentru.md\/?p=85838"},"modified":"2025-01-13T14:43:24","modified_gmt":"2025-01-13T12:43:24","slug":"colectarea-separata-a-brazilor-dupa-sarbatori-2","status":"publish","type":"post","link":"https:\/\/chisinaucentru.md\/en\/colectarea-separata-a-brazilor-dupa-sarbatori-2\/","title":{"rendered":"Colectarea separat\u0103 a brazilor dup\u0103 s\u0103rb\u0103tori"},"content":{"rendered":"<div class=\"vc_row wpb_row vc_row-fluid dt-default\" style=\"margin-top: 0px;margin-bottom: 0px\"><div class=\"wpb_column vc_column_container vc_col-sm-12\"><div class=\"vc_column-inner\"><div class=\"wpb_wrapper\">\n\t<div class=\"wpb_text_column wpb_content_element\" >\n\t\t<div class=\"wpb_wrapper\">\n\t\t\t<p><span style=\"color: #050505;\"><span style=\"font-family: Times New Roman, serif;\"><span style=\"font-size: large;\"><span lang=\"ro-RO\">Pretura sectorului Centru informeaz\u0103 c\u0103 brazii naturali care au decorat locuin\u021bele la s\u0103rb\u0103torile de iarn\u0103 vor fi colecta\u021bi gratuit de municipalitate.<\/span><\/span><\/span><\/span><\/p>\n<p><span style=\"color: #050505;\"><span style=\"font-family: Times New Roman, serif;\"><span style=\"font-size: large;\"><span lang=\"ro-RO\">Locuitorii sectorului Centru sunt ruga\u021bi s\u0103 depoziteze pomii vii de Cr\u0103ciun \u00een apropierea platformelor de stocare a de\u0219eurilor menajere, de unde ulterior vor fi ridica\u021bi de serviciile de salubrizare \u0219i transporta\u021bi spre reciclare.<\/span><\/span><\/span><\/span><\/p>\n<p><span style=\"color: #050505;\"><span style=\"font-family: Times New Roman, serif;\"><span style=\"font-size: large;\"><span lang=\"ro-RO\">La platforma de de\u0219euri biodegradabile brazii vor fi toca\u021bi, iar rumegu\u0219ul utilizat de c\u0103tre speciali\u0219tii \u00ce.M. \u201eAsocia\u021bia de Gospod\u0103rire a Spa\u021biilor Verzi&#8221; \u00een calitate de \u00eengr\u0103\u0219\u0103m\u00e2nt organic pentru plante \u0219i pentru fertilizarea solului.<\/span><\/span><\/span><\/span><\/p>\n<p><span style=\"color: #050505;\"><span style=\"font-family: Times New Roman, serif;\"><span style=\"font-size: large;\"><span lang=\"ro-RO\">Nu arunca\u021bi brazii vii direct \u00een containerele pentru de\u0219euri.<br \/>\n<\/span><\/span><\/span><\/span><\/p>\n\n\t\t<\/div>\n\t<\/div>\n<\/div><\/div><\/div><\/div><div class=\"vc_row wpb_row vc_row-fluid dt-default\" style=\"margin-top: 0px;margin-bottom: 0px\"><div class=\"wpb_column vc_column_container vc_col-sm-12\"><div class=\"vc_column-inner\"><div class=\"wpb_wrapper\">\n\t<div  class=\"wpb_single_image wpb_content_element vc_align_left\">\n\t\t\n\t\t<figure class=\"wpb_wrapper vc_figure\">\n\t\t\t<div class=\"vc_single_image-wrapper   vc_box_border_grey\"><img width=\"960\" height=\"1049\" src=\"https:\/\/chisinaucentru.md\/wp-content\/uploads\/2025\/01\/IMG_6053.jpg\" class=\"vc_single_image-img attachment-full\" alt=\"\" loading=\"lazy\" title=\"IMG_6053\" srcset=\"https:\/\/chisinaucentru.md\/wp-content\/uploads\/2025\/01\/IMG_6053.jpg 960w, https:\/\/chisinaucentru.md\/wp-content\/uploads\/2025\/01\/IMG_6053-275x300.jpg 275w, https:\/\/chisinaucentru.md\/wp-content\/uploads\/2025\/01\/IMG_6053-937x1024.jpg 937w, https:\/\/chisinaucentru.md\/wp-content\/uploads\/2025\/01\/IMG_6053-768x839.jpg 768w, https:\/\/chisinaucentru.md\/wp-content\/uploads\/2025\/01\/IMG_6053-11x12.jpg 11w\" sizes=\"(max-width: 960px) 100vw, 960px\"  data-dt-location=\"https:\/\/chisinaucentru.md\/en\/colectarea-separata-a-brazilor-dupa-sarbatori-2\/img_6053\/\" \/><\/div>\n\t\t<\/figure>\n\t<\/div>\n<\/div><\/div><\/div><\/div>","protected":false},"excerpt":{"rendered":"<p>Pretura sectorului Centru informeaz\u0103 c\u0103 brazii naturali care au decorat locuin\u021bele la s\u0103rb\u0103torile de iarn\u0103 vor fi colecta\u021bi gratuit de municipalitate. Locuitorii sectorului Centru sunt ruga\u021bi s\u0103 depoziteze pomii vii de Cr\u0103ciun \u00een apropierea platformelor de stocare a de\u0219eurilor menajere, de unde ulterior vor fi ridica\u021bi de serviciile de salubrizare \u0219i transporta\u021bi spre reciclare. La&hellip;<\/p>","protected":false},"author":1,"featured_media":85840,"comment_status":"open","ping_status":"open","sticky":false,"template":"","format":"standard","meta":[],"categories":[244],"tags":[],"acf":[],"_links":{"self":[{"href":"https:\/\/chisinaucentru.md\/en\/wp-json\/wp\/v2\/posts\/85838"}],"collection":[{"href":"https:\/\/chisinaucentru.md\/en\/wp-json\/wp\/v2\/posts"}],"about":[{"href":"https:\/\/chisinaucentru.md\/en\/wp-json\/wp\/v2\/types\/post"}],"author":[{"embeddable":true,"href":"https:\/\/chisinaucentru.md\/en\/wp-json\/wp\/v2\/users\/1"}],"replies":[{"embeddable":true,"href":"https:\/\/chisinaucentru.md\/en\/wp-json\/wp\/v2\/comments?post=85838"}],"version-history":[{"count":3,"href":"https:\/\/chisinaucentru.md\/en\/wp-json\/wp\/v2\/posts\/85838\/revisions"}],"predecessor-version":[{"id":85842,"href":"https:\/\/chisinaucentru.md\/en\/wp-json\/wp\/v2\/posts\/85838\/revisions\/85842"}],"wp:featuredmedia":[{"embeddable":true,"href":"https:\/\/chisinaucentru.md\/en\/wp-json\/wp\/v2\/media\/85840"}],"wp:attachment":[{"href":"https:\/\/chisinaucentru.md\/en\/wp-json\/wp\/v2\/media?parent=85838"}],"wp:term":[{"taxonomy":"category","embeddable":true,"href":"https:\/\/chisinaucentru.md\/en\/wp-json\/wp\/v2\/categories?post=85838"},{"taxonomy":"post_tag","embeddable":true,"href":"https:\/\/chisinaucentru.md\/en\/wp-json\/wp\/v2\/tags?post=85838"}],"curies":[{"name":"wp","href":"https:\/\/api.w.org\/{rel}","templated":true}]}}