{"id":85583,"date":"2024-12-30T19:47:36","date_gmt":"2024-12-30T17:47:36","guid":{"rendered":"https:\/\/chisinaucentru.md\/?p=85583"},"modified":"2025-01-03T11:54:29","modified_gmt":"2025-01-03T09:54:29","slug":"seniorii-din-sectorul-centru-felicitati-de-autoritati-cu-prilejul-sarbatorilor-de-iarna","status":"publish","type":"post","link":"https:\/\/chisinaucentru.md\/en\/seniorii-din-sectorul-centru-felicitati-de-autoritati-cu-prilejul-sarbatorilor-de-iarna\/","title":{"rendered":"Seniorii din sectorul Centru felicita\u021bi de autorit\u0103\u021bi cu prilejul s\u0103rb\u0103torilor de iarn\u0103"},"content":{"rendered":"<div class=\"vc_row wpb_row vc_row-fluid dt-default\" style=\"margin-top: 0px;margin-bottom: 0px\"><div class=\"wpb_column vc_column_container vc_col-sm-12\"><div class=\"vc_column-inner\"><div class=\"wpb_wrapper\">\n\t<div class=\"wpb_text_column wpb_content_element\" >\n\t\t<div class=\"wpb_wrapper\">\n\t\t\t<p><span style=\"color: #050505;\"><span style=\"font-family: Times New Roman, serif;\"><span style=\"font-size: large;\"><span lang=\"ro-RO\">\u00cen lumina frumoaselor s\u0103rb\u0103tori de iarn\u0103 care ne sunt \u00een prag, din tradi\u021bia temeinicilor conexiuni ale administra\u021biei Preturii cu locuitorii sectorului Centru, ast\u0103zi, la 30 decembrie 2024, Pretorul sectorului Centru, Vlad H\u00eencu, \u0219i Consilierul partidului MAN, Anatol Turchin s-au \u00eent\u00e2lnit cu peste 100 de locuitori ai sectorului Centru, lua\u021bi la eviden\u021ba Direc\u021biei asisten\u021b\u0103 social\u0103 Centru, majoritatea din ei afla\u021bi la v\u00e2rsta de pensionare, singuratici \u0219i vulnerabili \u00een fa\u021ba greut\u0103\u021bilor.<\/span><\/span><\/span><\/span><\/p>\n<p><span style=\"color: #050505;\"><span style=\"font-family: Times New Roman, serif;\"><span style=\"font-size: large;\"><span lang=\"ro-RO\">S\u0103rb\u0103torile trebuie s\u0103 fie prilej de bucurie pentru fiecare din noi, astfel, to\u021bi cei prezen\u021bi au primit ast\u0103zi \u00een dar colete cu produse alimentare din partea administra\u021biei publice locale \u0219i a partenerului \u201dFunda\u021bia ALMUS\u201d.<\/span><\/span><\/span><\/span><\/p>\n\n\t\t<\/div>\n\t<\/div>\n<\/div><\/div><\/div><\/div><div class=\"vc_row wpb_row vc_row-fluid dt-default\" style=\"margin-top: 0px;margin-bottom: 0px\"><div class=\"wpb_column vc_column_container vc_col-sm-12\"><div class=\"vc_column-inner\"><div class=\"wpb_wrapper\">\n<div class=\"vc_grid-container-wrapper vc_clearfix vc_grid-animation-fadeIn\">\n\t<div class=\"vc_grid-container vc_clearfix wpb_content_element vc_media_grid\" data-initial-loading-animation=\"fadeIn\" data-vc-grid-settings=\"{&quot;page_id&quot;:85583,&quot;style&quot;:&quot;all&quot;,&quot;action&quot;:&quot;vc_get_vc_grid_data&quot;,&quot;shortcode_id&quot;:&quot;1735897690814-9ee43b8c901c5166a46ed0ad404ee397-4&quot;,&quot;tag&quot;:&quot;vc_media_grid&quot;}\" data-vc-request=\"https:\/\/chisinaucentru.md\/wp-admin\/admin-ajax.php\" data-vc-post-id=\"85583\" data-vc-public-nonce=\"71e3d605dc\">\n\t\t\n\t<\/div>\n<\/div><\/div><\/div><\/div><\/div>","protected":false},"excerpt":{"rendered":"<p>\u00cen lumina frumoaselor s\u0103rb\u0103tori de iarn\u0103 care ne sunt \u00een prag, din tradi\u021bia temeinicilor conexiuni ale administra\u021biei Preturii cu locuitorii sectorului Centru, ast\u0103zi, la 30 decembrie 2024, Pretorul sectorului Centru, Vlad H\u00eencu, \u0219i Consilierul partidului MAN, Anatol Turchin s-au \u00eent\u00e2lnit cu peste 100 de locuitori ai sectorului Centru, lua\u021bi la eviden\u021ba Direc\u021biei asisten\u021b\u0103 social\u0103 Centru,&hellip;<\/p>","protected":false},"author":1,"featured_media":85585,"comment_status":"open","ping_status":"open","sticky":false,"template":"","format":"standard","meta":[],"categories":[244],"tags":[],"acf":[],"_links":{"self":[{"href":"https:\/\/chisinaucentru.md\/en\/wp-json\/wp\/v2\/posts\/85583"}],"collection":[{"href":"https:\/\/chisinaucentru.md\/en\/wp-json\/wp\/v2\/posts"}],"about":[{"href":"https:\/\/chisinaucentru.md\/en\/wp-json\/wp\/v2\/types\/post"}],"author":[{"embeddable":true,"href":"https:\/\/chisinaucentru.md\/en\/wp-json\/wp\/v2\/users\/1"}],"replies":[{"embeddable":true,"href":"https:\/\/chisinaucentru.md\/en\/wp-json\/wp\/v2\/comments?post=85583"}],"version-history":[{"count":3,"href":"https:\/\/chisinaucentru.md\/en\/wp-json\/wp\/v2\/posts\/85583\/revisions"}],"predecessor-version":[{"id":85598,"href":"https:\/\/chisinaucentru.md\/en\/wp-json\/wp\/v2\/posts\/85583\/revisions\/85598"}],"wp:featuredmedia":[{"embeddable":true,"href":"https:\/\/chisinaucentru.md\/en\/wp-json\/wp\/v2\/media\/85585"}],"wp:attachment":[{"href":"https:\/\/chisinaucentru.md\/en\/wp-json\/wp\/v2\/media?parent=85583"}],"wp:term":[{"taxonomy":"category","embeddable":true,"href":"https:\/\/chisinaucentru.md\/en\/wp-json\/wp\/v2\/categories?post=85583"},{"taxonomy":"post_tag","embeddable":true,"href":"https:\/\/chisinaucentru.md\/en\/wp-json\/wp\/v2\/tags?post=85583"}],"curies":[{"name":"wp","href":"https:\/\/api.w.org\/{rel}","templated":true}]}}