{"id":85307,"date":"2024-12-25T12:56:46","date_gmt":"2024-12-25T10:56:46","guid":{"rendered":"https:\/\/chisinaucentru.md\/?p=85307"},"modified":"2024-12-30T12:57:14","modified_gmt":"2024-12-30T10:57:14","slug":"povestea-de-iarna-spectacol-fermecator-pentru-copii","status":"publish","type":"post","link":"https:\/\/chisinaucentru.md\/en\/povestea-de-iarna-spectacol-fermecator-pentru-copii\/","title":{"rendered":"\u201dPovestea de iarn\u0103\u201d, spectacol fermec\u0103tor pentru copii"},"content":{"rendered":"<div class=\"vc_row wpb_row vc_row-fluid dt-default\" style=\"margin-top: 0px;margin-bottom: 0px\"><div class=\"wpb_column vc_column_container vc_col-sm-12\"><div class=\"vc_column-inner\"><div class=\"wpb_wrapper\">\n\t<div class=\"wpb_text_column wpb_content_element\" >\n\t\t<div class=\"wpb_wrapper\">\n\t\t\t<p><span style=\"color: #050505;\"><span style=\"font-family: Times New Roman, serif;\"><span style=\"font-size: large;\"><span lang=\"ro-RO\">Ast\u0103zi, 25 decembrie, Pretura sectorului Centru a organizat un eveniment de neuitat pentru micii spectatori. \u00centr-o atmosfer\u0103 \u00eenc\u0103rcat\u0103 de magie \u0219i de spiritul Cr\u0103ciunului, a avut loc spectacolul \u201ePovestea de Iarn\u0103\u201d, un eveniment plin de culoare, c\u00e2ntec, dansuri \u0219i momente frumoase.<\/span><\/span><\/span><\/span><\/p>\n<p><span style=\"color: #050505;\"><span style=\"font-family: Times New Roman, serif;\"><span style=\"font-size: large;\"><span lang=\"ro-RO\">Eroii principali ai pove\u0219tii au fost nimeni al\u021bii dec\u00e2t Mo\u0219 Cr\u0103ciun \u0219i Iepura\u0219ul de Cr\u0103ciun, ace\u0219tia au r\u0103sp\u00e2ndit bucuria darurilor, dar \u0219i magia iernii.<\/span><\/span><\/span><\/span><\/p>\n<p><span style=\"color: #050505;\"><span style=\"font-family: Times New Roman, serif;\"><span style=\"font-size: large;\"><span lang=\"ro-RO\">Actorii teatrului de p\u0103pu\u0219i au adus la via\u021b\u0103 personaje fermec\u0103toare, cre\u00e2nd o atmosfer\u0103 de vis \u0219i transform\u00e2nd fiecare col\u021b al s\u0103lii \u00eentr-un loc magic, plin de r\u00e2sete \u0219i bucurie.<\/span><\/span><\/span><\/span><\/p>\n<p><span style=\"color: #050505;\"><span style=\"font-family: Times New Roman, serif;\"><span style=\"font-size: large;\"><span lang=\"ro-RO\">Copii prezen\u021bi la spectacol au primit cadouri cu dulciuri, care le-au luminat fe\u021bele \u0219i le-au adus z\u00e2mbete, f\u0103c\u00e2ndu-i s\u0103 se simt\u0103 cu adev\u0103rat s\u0103rb\u0103tori\u021bi.<\/span><\/span><\/span><\/span><\/p>\n<p><span style=\"color: #050505;\"><span style=\"font-family: Times New Roman, serif;\"><span style=\"font-size: large;\"><span lang=\"ro-RO\">Pretorul sectorului Centru, Vadim H\u00eencu le-a dorit celor mici un Cr\u0103ciun fericit, plin de daruri, bucurii \u0219i momente speciale al\u0103turi de familie \u0219i cei dragi \u0219i desigur o vacan\u021b\u0103 frumoas\u0103.<br \/>\nSper\u0103m c\u0103 spectacolul \u201ePovestea de iarn\u0103\u201d a l\u0103sat \u00een sufletul fiec\u0103rui spectator o stare de bine \u0219i amintiri frumoase despre o zi plin\u0103 de magie, energie, comunicare \u0219i c\u0103ldur\u0103 uman\u0103.<br \/>\n<\/span><\/span><\/span><\/span><\/p>\n\n\t\t<\/div>\n\t<\/div>\n<\/div><\/div><\/div><\/div><div class=\"vc_row wpb_row vc_row-fluid dt-default\" style=\"margin-top: 0px;margin-bottom: 0px\"><div class=\"wpb_column vc_column_container vc_col-sm-12\"><div class=\"vc_column-inner\"><div class=\"wpb_wrapper\">\n<div class=\"vc_grid-container-wrapper vc_clearfix vc_grid-animation-fadeIn\">\n\t<div class=\"vc_grid-container vc_clearfix wpb_content_element vc_media_grid\" data-initial-loading-animation=\"fadeIn\" data-vc-grid-settings=\"{&quot;page_id&quot;:85307,&quot;style&quot;:&quot;all&quot;,&quot;action&quot;:&quot;vc_get_vc_grid_data&quot;,&quot;shortcode_id&quot;:&quot;1735556131253-3e618ef7478226ab4661e8eb0a664565-10&quot;,&quot;tag&quot;:&quot;vc_media_grid&quot;}\" data-vc-request=\"https:\/\/chisinaucentru.md\/wp-admin\/admin-ajax.php\" data-vc-post-id=\"85307\" data-vc-public-nonce=\"b7e9f1e002\">\n\t\t\n\t<\/div>\n<\/div><\/div><\/div><\/div><\/div>","protected":false},"excerpt":{"rendered":"<p>Ast\u0103zi, 25 decembrie, Pretura sectorului Centru a organizat un eveniment de neuitat pentru micii spectatori. \u00centr-o atmosfer\u0103 \u00eenc\u0103rcat\u0103 de magie \u0219i de spiritul Cr\u0103ciunului, a avut loc spectacolul \u201ePovestea de Iarn\u0103\u201d, un eveniment plin de culoare, c\u00e2ntec, dansuri \u0219i momente frumoase. Eroii principali ai pove\u0219tii au fost nimeni al\u021bii dec\u00e2t Mo\u0219 Cr\u0103ciun \u0219i Iepura\u0219ul de&hellip;<\/p>","protected":false},"author":1,"featured_media":85309,"comment_status":"open","ping_status":"open","sticky":false,"template":"","format":"standard","meta":[],"categories":[244],"tags":[],"acf":[],"_links":{"self":[{"href":"https:\/\/chisinaucentru.md\/en\/wp-json\/wp\/v2\/posts\/85307"}],"collection":[{"href":"https:\/\/chisinaucentru.md\/en\/wp-json\/wp\/v2\/posts"}],"about":[{"href":"https:\/\/chisinaucentru.md\/en\/wp-json\/wp\/v2\/types\/post"}],"author":[{"embeddable":true,"href":"https:\/\/chisinaucentru.md\/en\/wp-json\/wp\/v2\/users\/1"}],"replies":[{"embeddable":true,"href":"https:\/\/chisinaucentru.md\/en\/wp-json\/wp\/v2\/comments?post=85307"}],"version-history":[{"count":3,"href":"https:\/\/chisinaucentru.md\/en\/wp-json\/wp\/v2\/posts\/85307\/revisions"}],"predecessor-version":[{"id":85331,"href":"https:\/\/chisinaucentru.md\/en\/wp-json\/wp\/v2\/posts\/85307\/revisions\/85331"}],"wp:featuredmedia":[{"embeddable":true,"href":"https:\/\/chisinaucentru.md\/en\/wp-json\/wp\/v2\/media\/85309"}],"wp:attachment":[{"href":"https:\/\/chisinaucentru.md\/en\/wp-json\/wp\/v2\/media?parent=85307"}],"wp:term":[{"taxonomy":"category","embeddable":true,"href":"https:\/\/chisinaucentru.md\/en\/wp-json\/wp\/v2\/categories?post=85307"},{"taxonomy":"post_tag","embeddable":true,"href":"https:\/\/chisinaucentru.md\/en\/wp-json\/wp\/v2\/tags?post=85307"}],"curies":[{"name":"wp","href":"https:\/\/api.w.org\/{rel}","templated":true}]}}