{"id":84812,"date":"2024-12-12T13:31:20","date_gmt":"2024-12-12T11:31:20","guid":{"rendered":"https:\/\/chisinaucentru.md\/?p=84812"},"modified":"2024-12-13T13:31:32","modified_gmt":"2024-12-13T11:31:32","slug":"actiunile-de-combatere-a-comertului-ilicit-pe-teritoriul-sectorului-centru-se-intensifica","status":"publish","type":"post","link":"https:\/\/chisinaucentru.md\/en\/actiunile-de-combatere-a-comertului-ilicit-pe-teritoriul-sectorului-centru-se-intensifica\/","title":{"rendered":"Ac\u021biunile de combatere a comer\u021bului ilicit pe teritoriul sectorului Centru, se intensific\u0103"},"content":{"rendered":"<div class=\"vc_row wpb_row vc_row-fluid dt-default\" style=\"margin-top: 0px;margin-bottom: 0px\"><div class=\"wpb_column vc_column_container vc_col-sm-12\"><div class=\"vc_column-inner\"><div class=\"wpb_wrapper\">\n\t<div class=\"wpb_text_column wpb_content_element\" >\n\t\t<div class=\"wpb_wrapper\">\n\t\t\t<p><span style=\"color: #050505;\"><span style=\"font-family: Times New Roman, serif;\"><span style=\"font-size: large;\"><span lang=\"ro-RO\">Pretura sectorului Centru, prin Sec\u021bia social-economic\u0103 \u0219i Sec\u021bia agen\u021bi constatatori, \u00een colaborare cu Serviciul Fiscal de Stat, Sec\u021bia investigarea infrac\u021biunilor economice a Direc\u021biei de Poli\u021bie Chi\u0219in\u0103u \u0219i Inspectoratul de Poli\u021bie Centru, au desf\u0103\u0219urat \u00een aceste zile o serie de ac\u021biuni comune \u00een vederea combaterii comer\u021bului ilegal pe teritoriul sectorului Centru al Capitalei, de identificare \u0219i documentare a persoanelor fizice care \u00eencalc\u0103 prevederile legale privind activit\u0103\u021bile comerciale.<\/span><\/span><\/span><\/span><\/p>\n<p><span style=\"color: #050505;\"><span style=\"font-family: Times New Roman, serif;\"><span style=\"font-size: large;\"><span lang=\"ro-RO\">\u00cen scopul restabilirii ordinii \u0219i disciplinei \u00een sectorul comercial, precum \u0219i asigur\u0103rii unui mediu concuren\u021bial echitabil pentru to\u021bi agen\u021bii economici, \u00een timpul raziilor la fa\u021ba locului s-au \u00eentocmit:<br \/>\n&#8211; 47 procese\u2013verbale pe art. 263 alin. 1 din Cod Contraven\u021bional al RM;<br \/>\n&#8211; 39 procese-verbale pe art. 273 pct. (15) din Cod Contraven\u021bional al RM.<\/span><\/span><\/span><\/span><\/p>\n<p><span style=\"color: #050505;\"><span style=\"font-family: Times New Roman, serif;\"><span style=\"font-size: large;\"><span lang=\"ro-RO\">Eforturile de contracarare a comer\u021bului ilegal vor continua \u00een mod sus\u021binut \u00een colaborare cu toate institu\u021biile competente.<\/span><\/span><\/span><\/span><\/p>\n<p><span style=\"color: #050505;\"><span style=\"font-family: Times New Roman, serif;\"><span style=\"font-size: large;\"><span lang=\"ro-RO\">Consecvent, invit\u0103m cet\u0103\u021benii s\u0103 sesizeze autoritatea public\u0103 local\u0103 \u00een cazul constat\u0103rii unor activit\u0103\u021bi ilegale.<br \/>\n<\/span><\/span><\/span><\/span><\/p>\n\n\t\t<\/div>\n\t<\/div>\n<\/div><\/div><\/div><\/div><div class=\"vc_row wpb_row vc_row-fluid dt-default\" style=\"margin-top: 0px;margin-bottom: 0px\"><div class=\"wpb_column vc_column_container vc_col-sm-12\"><div class=\"vc_column-inner\"><div class=\"wpb_wrapper\">\n<div class=\"vc_grid-container-wrapper vc_clearfix vc_grid-animation-fadeIn\">\n\t<div class=\"vc_grid-container vc_clearfix wpb_content_element vc_media_grid\" data-initial-loading-animation=\"fadeIn\" data-vc-grid-settings=\"{&quot;page_id&quot;:84812,&quot;style&quot;:&quot;all&quot;,&quot;action&quot;:&quot;vc_get_vc_grid_data&quot;,&quot;shortcode_id&quot;:&quot;1734089430707-b2d9c38e7821ff99db60a435c4f18440-1&quot;,&quot;tag&quot;:&quot;vc_media_grid&quot;}\" data-vc-request=\"https:\/\/chisinaucentru.md\/wp-admin\/admin-ajax.php\" data-vc-post-id=\"84812\" data-vc-public-nonce=\"c0809cca66\">\n\t\t\n\t<\/div>\n<\/div><\/div><\/div><\/div><\/div>","protected":false},"excerpt":{"rendered":"<p>Pretura sectorului Centru, prin Sec\u021bia social-economic\u0103 \u0219i Sec\u021bia agen\u021bi constatatori, \u00een colaborare cu Serviciul Fiscal de Stat, Sec\u021bia investigarea infrac\u021biunilor economice a Direc\u021biei de Poli\u021bie Chi\u0219in\u0103u \u0219i Inspectoratul de Poli\u021bie Centru, au desf\u0103\u0219urat \u00een aceste zile o serie de ac\u021biuni comune \u00een vederea combaterii comer\u021bului ilegal pe teritoriul sectorului Centru al Capitalei, de identificare \u0219i&hellip;<\/p>","protected":false},"author":1,"featured_media":84814,"comment_status":"open","ping_status":"open","sticky":false,"template":"","format":"standard","meta":[],"categories":[244],"tags":[],"acf":[],"_links":{"self":[{"href":"https:\/\/chisinaucentru.md\/en\/wp-json\/wp\/v2\/posts\/84812"}],"collection":[{"href":"https:\/\/chisinaucentru.md\/en\/wp-json\/wp\/v2\/posts"}],"about":[{"href":"https:\/\/chisinaucentru.md\/en\/wp-json\/wp\/v2\/types\/post"}],"author":[{"embeddable":true,"href":"https:\/\/chisinaucentru.md\/en\/wp-json\/wp\/v2\/users\/1"}],"replies":[{"embeddable":true,"href":"https:\/\/chisinaucentru.md\/en\/wp-json\/wp\/v2\/comments?post=84812"}],"version-history":[{"count":3,"href":"https:\/\/chisinaucentru.md\/en\/wp-json\/wp\/v2\/posts\/84812\/revisions"}],"predecessor-version":[{"id":84832,"href":"https:\/\/chisinaucentru.md\/en\/wp-json\/wp\/v2\/posts\/84812\/revisions\/84832"}],"wp:featuredmedia":[{"embeddable":true,"href":"https:\/\/chisinaucentru.md\/en\/wp-json\/wp\/v2\/media\/84814"}],"wp:attachment":[{"href":"https:\/\/chisinaucentru.md\/en\/wp-json\/wp\/v2\/media?parent=84812"}],"wp:term":[{"taxonomy":"category","embeddable":true,"href":"https:\/\/chisinaucentru.md\/en\/wp-json\/wp\/v2\/categories?post=84812"},{"taxonomy":"post_tag","embeddable":true,"href":"https:\/\/chisinaucentru.md\/en\/wp-json\/wp\/v2\/tags?post=84812"}],"curies":[{"name":"wp","href":"https:\/\/api.w.org\/{rel}","templated":true}]}}