{"id":84806,"date":"2024-12-12T13:29:18","date_gmt":"2024-12-12T11:29:18","guid":{"rendered":"https:\/\/chisinaucentru.md\/?p=84806"},"modified":"2024-12-13T13:31:48","modified_gmt":"2024-12-13T11:31:48","slug":"pretura-sectorului-centru-in-colaborare-cu-asociatia-pentru-sustinerea-comunitatii-bulgare-din-moldova-continua-proiectul-cantina-sociala","status":"publish","type":"post","link":"https:\/\/chisinaucentru.md\/en\/pretura-sectorului-centru-in-colaborare-cu-asociatia-pentru-sustinerea-comunitatii-bulgare-din-moldova-continua-proiectul-cantina-sociala\/","title":{"rendered":"Pretura sectorului Centru \u00een colaborare cu Asocia\u021bia pentru Sus\u021binerea Comunit\u0103\u021bii Bulgare din Moldova continu\u0103 proiectul- cantina social\u0103"},"content":{"rendered":"<div class=\"vc_row wpb_row vc_row-fluid dt-default\" style=\"margin-top: 0px;margin-bottom: 0px\"><div class=\"wpb_column vc_column_container vc_col-sm-12\"><div class=\"vc_column-inner\"><div class=\"wpb_wrapper\">\n\t<div class=\"wpb_text_column wpb_content_element\" >\n\t\t<div class=\"wpb_wrapper\">\n\t\t\t<p><span style=\"color: #050505;\"><span style=\"font-family: Times New Roman, serif;\"><span style=\"font-size: large;\"><span lang=\"ro-RO\">50 de pr\u00e2nzuri calde ajung, de luni p\u00e2n\u0103 vineri, la cei cu posibilit\u0103\u021bi reduse. Actul de caritate ini\u021biat de Pretor, Vadim H\u00eencu, este un substan\u021bial punct de reper \u00een existen\u021ba lor de zi cu zi.<\/span><\/span><\/span><\/span><\/p>\n\n\t\t<\/div>\n\t<\/div>\n<\/div><\/div><\/div><\/div><div class=\"vc_row wpb_row vc_row-fluid dt-default\" style=\"margin-top: 0px;margin-bottom: 0px\"><div class=\"wpb_column vc_column_container vc_col-sm-12\"><div class=\"vc_column-inner\"><div class=\"wpb_wrapper\">\n<div class=\"vc_grid-container-wrapper vc_clearfix vc_grid-animation-fadeIn\">\n\t<div class=\"vc_grid-container vc_clearfix wpb_content_element vc_media_grid\" data-initial-loading-animation=\"fadeIn\" data-vc-grid-settings=\"{&quot;page_id&quot;:84806,&quot;style&quot;:&quot;all&quot;,&quot;action&quot;:&quot;vc_get_vc_grid_data&quot;,&quot;shortcode_id&quot;:&quot;1734089269373-e8ecd577ca0c15cfa2510883782a1c23-4&quot;,&quot;tag&quot;:&quot;vc_media_grid&quot;}\" data-vc-request=\"https:\/\/chisinaucentru.md\/wp-admin\/admin-ajax.php\" data-vc-post-id=\"84806\" data-vc-public-nonce=\"c0809cca66\">\n\t\t\n\t<\/div>\n<\/div><\/div><\/div><\/div><\/div>","protected":false},"excerpt":{"rendered":"<p>50 de pr\u00e2nzuri calde ajung, de luni p\u00e2n\u0103 vineri, la cei cu posibilit\u0103\u021bi reduse. Actul de caritate ini\u021biat de Pretor, Vadim H\u00eencu, este un substan\u021bial punct de reper \u00een existen\u021ba lor de zi cu zi.<\/p>","protected":false},"author":1,"featured_media":84808,"comment_status":"open","ping_status":"open","sticky":false,"template":"","format":"standard","meta":[],"categories":[244],"tags":[],"acf":[],"_links":{"self":[{"href":"https:\/\/chisinaucentru.md\/en\/wp-json\/wp\/v2\/posts\/84806"}],"collection":[{"href":"https:\/\/chisinaucentru.md\/en\/wp-json\/wp\/v2\/posts"}],"about":[{"href":"https:\/\/chisinaucentru.md\/en\/wp-json\/wp\/v2\/types\/post"}],"author":[{"embeddable":true,"href":"https:\/\/chisinaucentru.md\/en\/wp-json\/wp\/v2\/users\/1"}],"replies":[{"embeddable":true,"href":"https:\/\/chisinaucentru.md\/en\/wp-json\/wp\/v2\/comments?post=84806"}],"version-history":[{"count":3,"href":"https:\/\/chisinaucentru.md\/en\/wp-json\/wp\/v2\/posts\/84806\/revisions"}],"predecessor-version":[{"id":84833,"href":"https:\/\/chisinaucentru.md\/en\/wp-json\/wp\/v2\/posts\/84806\/revisions\/84833"}],"wp:featuredmedia":[{"embeddable":true,"href":"https:\/\/chisinaucentru.md\/en\/wp-json\/wp\/v2\/media\/84808"}],"wp:attachment":[{"href":"https:\/\/chisinaucentru.md\/en\/wp-json\/wp\/v2\/media?parent=84806"}],"wp:term":[{"taxonomy":"category","embeddable":true,"href":"https:\/\/chisinaucentru.md\/en\/wp-json\/wp\/v2\/categories?post=84806"},{"taxonomy":"post_tag","embeddable":true,"href":"https:\/\/chisinaucentru.md\/en\/wp-json\/wp\/v2\/tags?post=84806"}],"curies":[{"name":"wp","href":"https:\/\/api.w.org\/{rel}","templated":true}]}}