{"id":84789,"date":"2024-12-12T13:26:36","date_gmt":"2024-12-12T11:26:36","guid":{"rendered":"https:\/\/chisinaucentru.md\/?p=84789"},"modified":"2024-12-13T13:26:54","modified_gmt":"2024-12-13T11:26:54","slug":"sedinta-grupului-de-lucru-constituit-pentru-examinare-si-interventie-la-cazul-erodarilor-din-parcul-valea-trandafirilor","status":"publish","type":"post","link":"https:\/\/chisinaucentru.md\/en\/sedinta-grupului-de-lucru-constituit-pentru-examinare-si-interventie-la-cazul-erodarilor-din-parcul-valea-trandafirilor\/","title":{"rendered":"\u0218edin\u021ba grupului de lucru constituit pentru examinare \u0219i interven\u021bie la cazul erod\u0103rilor din parcul Valea Trandafirilor"},"content":{"rendered":"<div class=\"vc_row wpb_row vc_row-fluid dt-default\" style=\"margin-top: 0px;margin-bottom: 0px\"><div class=\"wpb_column vc_column_container vc_col-sm-12\"><div class=\"vc_column-inner\"><div class=\"wpb_wrapper\">\n\t<div class=\"wpb_text_column wpb_content_element\" >\n\t\t<div class=\"wpb_wrapper\">\n\t\t\t<p><span style=\"color: #050505;\"><span style=\"font-family: Times New Roman, serif;\"><span style=\"font-size: large;\"><span lang=\"ro-RO\">La 12 decembrie curent, urmare vizitei \u00een teren pentru examinarea situa\u021biei alunec\u0103rilor din strada Tudor Stri\u0219c\u0103, Vicepretorul sectorului Centru, Sergiu Andrian a convocat \u0219edin\u021ba de lucru a membrilor grupului, \u00een componen\u021ba c\u0103rora fac parte reprezentan\u021bi din:<br \/>\n-Sec\u021bia urbanism \u0219i arhitectur\u0103 a Preturii Centru<br \/>\n-Sec\u021bia topografie a Direc\u021biei generale arhitectur\u0103, urbanism \u0219i rela\u021bii funciare<br \/>\n-Direc\u021bia lucr\u0103ri edilitare a Direc\u021biei generale mobilitate urban\u0103<br \/>\n-Direc\u021bia general\u0103 finan\u021be<br \/>\n-Sec\u021bia inspectare a \u00ceMAG \u201dSpa\u021bii Verzi\u201d<br \/>\n-Sec\u021bia \u00eentre\u021binere canaliz\u0103ri pluviale a \u00ceM \u201dExdrupo\u201d<br \/>\n-Inspectoratul Na\u021bional de Supraveghere Tehnic\u0103<\/span><\/span><\/span><\/span><\/p>\n<p><span style=\"color: #050505;\"><span style=\"font-family: Times New Roman, serif;\"><span style=\"font-size: large;\"><span lang=\"ro-RO\"><strong>Situa\u021bia \u00een teren:<\/strong><br \/>\nS-a constatat prezen\u021ba unei ravene cu deschiderea de cca 1.0-15,0 m, lungime de cca 60-65m \u0219i ad\u00e2ncimea de cca 1,5-15,0m, pe unele tronsoane cu soclurile verticale, pe care se urm\u0103re\u0219te structura litologic\u0103, format\u0103 \u00een mare parte din argile nisipoase-p\u0103m\u00e2nturi u\u0219or erodabile.<br \/>\nRavena \u00eencepe de la cap\u0103tul jgheabului de preluare a apelor pluviale de pe teritoriul complexului locativ \u0219i continu\u0103 p\u00e2n\u0103 la gura canalului de beton pentru preluarea apei din talvegul v\u0103ii din regiune.<br \/>\nSe observ\u0103 pr\u0103bu\u0219iri \u0219i alunec\u0103ri locale a pere\u021bilor soclurilor ravenei.<br \/>\nGura de scurgere a apelor pluviale de pe teritoriul blocurilor locative T. Stri\u0219c\u0103, 8\/1-8\/7 este prins\u0103 \u00eentr-un canal de beton doar p\u00e2n\u0103 la limita \u00eemprejmuit\u0103 a terenului din preajma complexului locativ.<br \/>\nApele pluviale se vars\u0103 direct pe panta versantului din parcul Valea Trandafirilor, ceea ce duce la eroziuni liniare.<br \/>\nNici unul din cele 3 canale de scurgere a apelor pluviale din aceast\u0103 zon\u0103 nu este direc\u021bionat printr-un jgheab de beton sau \u021beav\u0103 p\u00e2n\u0103 la canalul de scurgere betonat din talvegul v\u0103ii.<br \/>\nLa data examin\u0103rii \u00een teren, ravena era par\u021bial umplut\u0103 cu sol rezidual de construc\u021bie, cu asigurarea accesului tehnicii de pe teritoriul complexului locativ, m\u0103sur\u0103 executat\u0103 de SRL \u201eExfactor Grup\u201d.<\/span><\/span><\/span><\/span><\/p>\n<p><span style=\"color: #050505;\"><span style=\"font-family: Times New Roman, serif;\"><span style=\"font-size: large;\"><span lang=\"ro-RO\"><strong>Cauza fenomenului:<\/strong><br \/>\nNeracordarea canaliz\u0103rii pluviale la canalizarea pluvial\u0103 magistral\u0103 municipal\u0103.<\/span><\/span><\/span><\/span><\/p>\n<p><span style=\"color: #050505;\"><span style=\"font-family: Times New Roman, serif;\"><span style=\"font-size: large;\"><span lang=\"ro-RO\"><strong>Grupul de lucru a stabilit urm\u0103toarele direc\u021bii de interven\u021bie:<\/strong><br \/>\nDirec\u021bia General\u0103 Mobilitate Urban\u0103 a se numi beneficiar\/solicitant al actelor permisive \u00een construc\u021bie, al Certificatului de urbanism pentru proiectare, documenta\u021biei de proiect \u0219i Autoriza\u021biei de construire a racord\u0103rii la canalizarea pluvial\u0103 municipal\u0103 magistral\u0103 \u0219i investitor al lucr\u0103rilor, ca structur\u0103 specializat\u0103, cu introducerea prevederilor \u00een planurile de lucru \u0219i solicitarea aloc\u0103rilor financiare corespunz\u0103toare.<br \/>\nDirec\u021bia General\u0103 Finan\u021be \u00een comun cu Direc\u021bia General\u0103 Mobilitate Urban\u0103 vor identifica sursele financiare necesare \u00een vederea interven\u021biei la cazul dat, separat, pentru documenta\u021bia de proiect \u0219i pentru executare.<br \/>\n<\/span><\/span><\/span><\/span><span style=\"color: #050505;\"><span style=\"font-family: Times New Roman, serif;\"><span style=\"font-size: large;\"><span lang=\"ro-RO\">Direc\u021bia General\u0103 Arhitectur\u0103, Urbanism \u0219i Rela\u021bii Funciare va adresa c\u0103tre Inspectoratul Na\u021bional Supraveghere Tehnic\u0103 (INST) copiile actelor permisive \u0219i a documenta\u021biei de proiect legal de\u021binut\u0103 cu solicitarea controlului producerii sau nu a unor \u00eenc\u0103lc\u0103ri la vreo etap\u0103 sau component\u0103 a sistemului calit\u0103\u021bii \u00een construc\u021bii.<br \/>\nDirec\u021bia Asisten\u021b\u0103 Juridic\u0103 va examina posibilitatea recuper\u0103rii cheltuielilor suportate pentru interven\u021bia la terenul municipal prejudiciat vizat, din parcul Valea Trandafirilor, extras cadastral anexele nr. 70-71, \u00een administrarea \u00ceM \u201eAGSV\u201d, \u00een func\u021bie de concluziile INST la caz.<\/span><\/span><\/span><\/span><\/p>\n\n\t\t<\/div>\n\t<\/div>\n<\/div><\/div><\/div><\/div><div class=\"vc_row wpb_row vc_row-fluid dt-default\" style=\"margin-top: 0px;margin-bottom: 0px\"><div class=\"wpb_column vc_column_container vc_col-sm-12\"><div class=\"vc_column-inner\"><div class=\"wpb_wrapper\">\n<div class=\"vc_grid-container-wrapper vc_clearfix vc_grid-animation-fadeIn\">\n\t<div class=\"vc_grid-container vc_clearfix wpb_content_element vc_media_grid\" data-initial-loading-animation=\"fadeIn\" data-vc-grid-settings=\"{&quot;page_id&quot;:84789,&quot;style&quot;:&quot;all&quot;,&quot;action&quot;:&quot;vc_get_vc_grid_data&quot;,&quot;shortcode_id&quot;:&quot;1734089016020-3c3959d1e4ce21130c70d39001fc83dd-6&quot;,&quot;tag&quot;:&quot;vc_media_grid&quot;}\" data-vc-request=\"https:\/\/chisinaucentru.md\/wp-admin\/admin-ajax.php\" data-vc-post-id=\"84789\" data-vc-public-nonce=\"c0809cca66\">\n\t\t\n\t<\/div>\n<\/div><\/div><\/div><\/div><\/div>","protected":false},"excerpt":{"rendered":"<p>La 12 decembrie curent, urmare vizitei \u00een teren pentru examinarea situa\u021biei alunec\u0103rilor din strada Tudor Stri\u0219c\u0103, Vicepretorul sectorului Centru, Sergiu Andrian a convocat \u0219edin\u021ba de lucru a membrilor grupului, \u00een componen\u021ba c\u0103rora fac parte reprezentan\u021bi din: -Sec\u021bia urbanism \u0219i arhitectur\u0103 a Preturii Centru -Sec\u021bia topografie a Direc\u021biei generale arhitectur\u0103, urbanism \u0219i rela\u021bii funciare -Direc\u021bia lucr\u0103ri&hellip;<\/p>","protected":false},"author":1,"featured_media":84791,"comment_status":"open","ping_status":"open","sticky":false,"template":"","format":"standard","meta":[],"categories":[244],"tags":[],"acf":[],"_links":{"self":[{"href":"https:\/\/chisinaucentru.md\/en\/wp-json\/wp\/v2\/posts\/84789"}],"collection":[{"href":"https:\/\/chisinaucentru.md\/en\/wp-json\/wp\/v2\/posts"}],"about":[{"href":"https:\/\/chisinaucentru.md\/en\/wp-json\/wp\/v2\/types\/post"}],"author":[{"embeddable":true,"href":"https:\/\/chisinaucentru.md\/en\/wp-json\/wp\/v2\/users\/1"}],"replies":[{"embeddable":true,"href":"https:\/\/chisinaucentru.md\/en\/wp-json\/wp\/v2\/comments?post=84789"}],"version-history":[{"count":3,"href":"https:\/\/chisinaucentru.md\/en\/wp-json\/wp\/v2\/posts\/84789\/revisions"}],"predecessor-version":[{"id":84805,"href":"https:\/\/chisinaucentru.md\/en\/wp-json\/wp\/v2\/posts\/84789\/revisions\/84805"}],"wp:featuredmedia":[{"embeddable":true,"href":"https:\/\/chisinaucentru.md\/en\/wp-json\/wp\/v2\/media\/84791"}],"wp:attachment":[{"href":"https:\/\/chisinaucentru.md\/en\/wp-json\/wp\/v2\/media?parent=84789"}],"wp:term":[{"taxonomy":"category","embeddable":true,"href":"https:\/\/chisinaucentru.md\/en\/wp-json\/wp\/v2\/categories?post=84789"},{"taxonomy":"post_tag","embeddable":true,"href":"https:\/\/chisinaucentru.md\/en\/wp-json\/wp\/v2\/tags?post=84789"}],"curies":[{"name":"wp","href":"https:\/\/api.w.org\/{rel}","templated":true}]}}