{"id":84380,"date":"2024-11-19T11:51:30","date_gmt":"2024-11-19T09:51:30","guid":{"rendered":"https:\/\/chisinaucentru.md\/?p=84380"},"modified":"2024-11-20T11:51:38","modified_gmt":"2024-11-20T09:51:38","slug":"pretorul-sectorului-centru-vadim-hincu-a-felicitat-cu-prilejul-aniversarii-sefa-directiei-educatie-tineret-si-sport-centru-natalia-strajesco","status":"publish","type":"post","link":"https:\/\/chisinaucentru.md\/en\/pretorul-sectorului-centru-vadim-hincu-a-felicitat-cu-prilejul-aniversarii-sefa-directiei-educatie-tineret-si-sport-centru-natalia-strajesco\/","title":{"rendered":"Pretorul sectorului Centru, Vadim H\u00eencu a felicitat cu prilejul anivers\u0103rii \u0218efa Direc\u021biei Educa\u021bie, Tineret \u0219i Sport Centru, Natalia Str\u0103jesco"},"content":{"rendered":"<div class=\"vc_row wpb_row vc_row-fluid dt-default\" style=\"margin-top: 0px;margin-bottom: 0px\"><div class=\"wpb_column vc_column_container vc_col-sm-12\"><div class=\"vc_column-inner\"><div class=\"wpb_wrapper\">\n\t<div class=\"wpb_text_column wpb_content_element\" >\n\t\t<div class=\"wpb_wrapper\">\n\t\t\t<p><span style=\"color: #050505;\"><span style=\"font-family: Times New Roman, serif;\"><span style=\"font-size: large;\"><span lang=\"ro-RO\">Omagiata a primit ast\u0103zi ur\u0103rile cordiale din parte Pretorului \u0219i a \u00eentregului colectiv al Preturii sectorului Centru cu prilejul zilei de na\u0219tere, pentru \u00eenalt\u0103 considera\u021bie \u0219i apreciere a administr\u0103rii eficiente a sistemului de educa\u021bie \u0219i a institu\u021biilor de \u00eenv\u0103\u021b\u0103m\u00e2nt din sector.<\/span><\/span><\/span><\/span><\/p>\n<p><span style=\"color: #050505;\"><span style=\"font-family: Times New Roman, serif;\"><span style=\"font-size: large;\"><span lang=\"ro-RO\">\u201dAst\u0103zi dorim s\u0103 aducem un omagiu unei doamne deosebite, doamna Natalia Strajesco, un lider admirabil \u00een Direc\u021bia Educa\u021bie, Tineret \u0219i Sport Centru, care are un impact extraordinar asupra dezvolt\u0103rii sectorului Centru. Prin viziunea, dedicarea \u0219i profesionalismul s\u0103u, a reu\u0219it s\u0103 inspire \u0219i s\u0103 aduc\u0103 schimb\u0103ri semnificative \u00een comunitate.<br \/>\n<\/span><\/span><\/span><\/span><span style=\"color: #050505;\"><span style=\"font-family: Times New Roman, serif;\"><span style=\"font-size: large;\"><span lang=\"ro-RO\">V\u0103 mul\u021bumim pentru implicare, pentru sus\u021binerea constant\u0103 a tinerilor \u0219i pentru eforturile neobosite de a construi un viitor mai bun pentru to\u021bi. Sunte\u021bi un exemplu de excelen\u021b\u0103 \u0219i leadership!<br \/>\nV\u0103 dorim s\u0103n\u0103tate, succes \u00een toate proiectele viitoare \u0219i s\u0103 continua\u021bi s\u0103 str\u0103luci\u021bi prin tot ceea ce face\u021bi!\u201d<br \/>\n<\/span><\/span><\/span><\/span><\/p>\n<p><span style=\"color: #050505;\"><span style=\"font-family: Times New Roman, serif;\"><span style=\"font-size: large;\"><span lang=\"ro-RO\"><strong>Cu respect \u0219i admira\u021bie,<\/strong><br \/>\n<strong>Vadim H\u00eencu,<\/strong><br \/>\n<strong>Pretorul sectorului Centru<\/strong><br \/>\n<\/span><\/span><\/span><\/span><\/p>\n\n\t\t<\/div>\n\t<\/div>\n<\/div><\/div><\/div><\/div><div class=\"vc_row wpb_row vc_row-fluid dt-default\" style=\"margin-top: 0px;margin-bottom: 0px\"><div class=\"wpb_column vc_column_container vc_col-sm-12\"><div class=\"vc_column-inner\"><div class=\"wpb_wrapper\">\n<div class=\"vc_grid-container-wrapper vc_clearfix vc_grid-animation-fadeIn\">\n\t<div class=\"vc_grid-container vc_clearfix wpb_content_element vc_media_grid\" data-initial-loading-animation=\"fadeIn\" data-vc-grid-settings=\"{&quot;page_id&quot;:84380,&quot;style&quot;:&quot;all&quot;,&quot;action&quot;:&quot;vc_get_vc_grid_data&quot;,&quot;shortcode_id&quot;:&quot;1732096265660-cdaa129ee614c2debe3d2942e8d6596e-8&quot;,&quot;tag&quot;:&quot;vc_media_grid&quot;}\" data-vc-request=\"https:\/\/chisinaucentru.md\/wp-admin\/admin-ajax.php\" data-vc-post-id=\"84380\" data-vc-public-nonce=\"39ce34e9ee\">\n\t\t\n\t<\/div>\n<\/div><\/div><\/div><\/div><\/div>","protected":false},"excerpt":{"rendered":"<p>Omagiata a primit ast\u0103zi ur\u0103rile cordiale din parte Pretorului \u0219i a \u00eentregului colectiv al Preturii sectorului Centru cu prilejul zilei de na\u0219tere, pentru \u00eenalt\u0103 considera\u021bie \u0219i apreciere a administr\u0103rii eficiente a sistemului de educa\u021bie \u0219i a institu\u021biilor de \u00eenv\u0103\u021b\u0103m\u00e2nt din sector. \u201dAst\u0103zi dorim s\u0103 aducem un omagiu unei doamne deosebite, doamna Natalia Strajesco, un lider&hellip;<\/p>","protected":false},"author":1,"featured_media":84382,"comment_status":"open","ping_status":"open","sticky":false,"template":"","format":"standard","meta":[],"categories":[244],"tags":[],"acf":[],"_links":{"self":[{"href":"https:\/\/chisinaucentru.md\/en\/wp-json\/wp\/v2\/posts\/84380"}],"collection":[{"href":"https:\/\/chisinaucentru.md\/en\/wp-json\/wp\/v2\/posts"}],"about":[{"href":"https:\/\/chisinaucentru.md\/en\/wp-json\/wp\/v2\/types\/post"}],"author":[{"embeddable":true,"href":"https:\/\/chisinaucentru.md\/en\/wp-json\/wp\/v2\/users\/1"}],"replies":[{"embeddable":true,"href":"https:\/\/chisinaucentru.md\/en\/wp-json\/wp\/v2\/comments?post=84380"}],"version-history":[{"count":3,"href":"https:\/\/chisinaucentru.md\/en\/wp-json\/wp\/v2\/posts\/84380\/revisions"}],"predecessor-version":[{"id":84387,"href":"https:\/\/chisinaucentru.md\/en\/wp-json\/wp\/v2\/posts\/84380\/revisions\/84387"}],"wp:featuredmedia":[{"embeddable":true,"href":"https:\/\/chisinaucentru.md\/en\/wp-json\/wp\/v2\/media\/84382"}],"wp:attachment":[{"href":"https:\/\/chisinaucentru.md\/en\/wp-json\/wp\/v2\/media?parent=84380"}],"wp:term":[{"taxonomy":"category","embeddable":true,"href":"https:\/\/chisinaucentru.md\/en\/wp-json\/wp\/v2\/categories?post=84380"},{"taxonomy":"post_tag","embeddable":true,"href":"https:\/\/chisinaucentru.md\/en\/wp-json\/wp\/v2\/tags?post=84380"}],"curies":[{"name":"wp","href":"https:\/\/api.w.org\/{rel}","templated":true}]}}