{"id":84273,"date":"2024-11-14T11:37:57","date_gmt":"2024-11-14T09:37:57","guid":{"rendered":"https:\/\/chisinaucentru.md\/?p=84273"},"modified":"2024-11-16T11:38:16","modified_gmt":"2024-11-16T09:38:16","slug":"inaugurarea-lucrarilor-de-termoizolare-a-gradinitei-nr-7-din-sectorul-centru","status":"publish","type":"post","link":"https:\/\/chisinaucentru.md\/en\/inaugurarea-lucrarilor-de-termoizolare-a-gradinitei-nr-7-din-sectorul-centru\/","title":{"rendered":"Inaugurarea lucr\u0103rilor de termoizolare a Gr\u0103dini\u021bei nr. 7 din sectorul Centru"},"content":{"rendered":"<div class=\"vc_row wpb_row vc_row-fluid dt-default\" style=\"margin-top: 0px;margin-bottom: 0px\"><div class=\"wpb_column vc_column_container vc_col-sm-12\"><div class=\"vc_column-inner\"><div class=\"wpb_wrapper\">\n\t<div class=\"wpb_text_column wpb_content_element\" >\n\t\t<div class=\"wpb_wrapper\">\n\t\t\t<p><span style=\"color: #050505;\"><span style=\"font-family: Times New Roman, serif;\"><span style=\"font-size: large;\"><span lang=\"ro-RO\">Primarul General al municipiului Chi\u0219in\u0103u, Ion Ceban \u0219i Pretorul sectorului Centru, Vadim H\u00eencu \u00eempreun\u0103 \u0219efii domeniului educa\u021bie au vizitat ast\u0103zi institu\u021bia de educa\u021bie timpurie nr. 7 din sectorul Centru, unde a fost inaugurat proiectul investi\u021bional de termoizolare a fa\u021badelor \u0219i a anexei blocului de baz\u0103 al Gr\u0103dini\u021bei.<\/span><\/span><\/span><\/span><\/p>\n<p><span style=\"color: #050505;\"><span style=\"font-family: Times New Roman, serif;\"><span style=\"font-size: large;\"><span lang=\"ro-RO\">\u00cen cadrul programului municipal de performan\u021b\u0103 energetic\u0103, unitatea educa\u021bional\u0103 pre\u0219colar\u0103 nr. 7 a beneficiat de o reabilitare a cl\u0103dirii, prin consolidarea structurii tuturor blocurilor, izolarea termic\u0103 a fa\u021badelor, aplicarea finisajelor exterioare, instalarea sistemelor de scurgere \u0219i drenaj a apei pe vertical \u0219i orizontal la acoperi\u0219.<\/span><\/span><\/span><\/span><\/p>\n<p><span style=\"color: #050505;\"><span style=\"font-family: Times New Roman, serif;\"><span style=\"font-size: large;\"><span lang=\"ro-RO\">Valoarea investi\u021biei ajunge la 800 000 mii lei, bani aloca\u021bi de Prim\u0103ria Capitalei din bugetul municipal.<\/span><\/span><\/span><\/span><\/p>\n<p><span style=\"color: #050505;\"><span style=\"font-family: Times New Roman, serif;\"><span style=\"font-size: large;\"><span lang=\"ro-RO\">Modernizarea infrastructurii Gr\u0103dini\u021bei nr. 7 se reflect\u0103 \u0219i \u00een alte lucr\u0103ri realizate, printre care: schimbarea gardului la \u00eentreg perimetrul teritoriului institu\u021biei, reabilitarea c\u0103ilor de acces prin asfaltarea str\u0103zii Ipate Soroceanu, repara\u021bia sc\u0103rii exterioare de acces c\u0103tre Gr\u0103dini\u021b\u0103.<\/span><\/span><\/span><\/span><\/p>\n<p><span style=\"color: #050505;\"><span style=\"font-family: Times New Roman, serif;\"><span style=\"font-size: large;\"><span lang=\"ro-RO\">Totodat\u0103, s-au construit 2 pavilioane noi pentru copii. Recent, renovate capital au fost \u0219i 3 blocuri sanitare din cadrul institu\u021biei, s-a realizat repara\u021bia cabinetului medical, a s\u0103lii muzicale \u0219i repara\u021bia capital\u0103 a intr\u0103rilor \u00een subsol, toate dot\u0103rile fiind posibile cu suportul financiar al municipalit\u0103\u021bii, cu peste 5,1 milioane lei.<\/span><\/span><\/span><\/span><\/p>\n<p><span style=\"color: #050505;\"><span style=\"font-family: Times New Roman, serif;\"><span style=\"font-size: large;\"><span lang=\"ro-RO\">\u00cen urma unor majore investi\u021bii, IET nr. 7 din sectorul Centru, gr\u0103dini\u021b\u0103 cu 14 grupe \u00een care sunt \u00eenmatricula\u021bi 353 de copii, de la 2 la 7 ani, se aliniaz\u0103 ferm standardelor europene. Prin \u00eembun\u0103t\u0103\u021birea aspectului, odat\u0103 cu asta cre\u0219te \u0219i competitivitatea \u00een r\u00e2ndul unit\u0103\u021bilor educa\u021bionale timpurii din municipiul Chi\u0219in\u0103u.<br \/>\n<\/span><\/span><\/span><\/span><\/p>\n\n\t\t<\/div>\n\t<\/div>\n<\/div><\/div><\/div><\/div><div class=\"vc_row wpb_row vc_row-fluid dt-default\" style=\"margin-top: 0px;margin-bottom: 0px\"><div class=\"wpb_column vc_column_container vc_col-sm-12\"><div class=\"vc_column-inner\"><div class=\"wpb_wrapper\">\n<div class=\"vc_grid-container-wrapper vc_clearfix vc_grid-animation-fadeIn\">\n\t<div class=\"vc_grid-container vc_clearfix wpb_content_element vc_media_grid\" data-initial-loading-animation=\"fadeIn\" data-vc-grid-settings=\"{&quot;page_id&quot;:84273,&quot;style&quot;:&quot;all&quot;,&quot;action&quot;:&quot;vc_get_vc_grid_data&quot;,&quot;shortcode_id&quot;:&quot;1731749740266-b5b4d895d0923c625740e7fdfb06883d-1&quot;,&quot;tag&quot;:&quot;vc_media_grid&quot;}\" data-vc-request=\"https:\/\/chisinaucentru.md\/wp-admin\/admin-ajax.php\" data-vc-post-id=\"84273\" data-vc-public-nonce=\"39ce34e9ee\">\n\t\t\n\t<\/div>\n<\/div><\/div><\/div><\/div><\/div>","protected":false},"excerpt":{"rendered":"<p>Primarul General al municipiului Chi\u0219in\u0103u, Ion Ceban \u0219i Pretorul sectorului Centru, Vadim H\u00eencu \u00eempreun\u0103 \u0219efii domeniului educa\u021bie au vizitat ast\u0103zi institu\u021bia de educa\u021bie timpurie nr. 7 din sectorul Centru, unde a fost inaugurat proiectul investi\u021bional de termoizolare a fa\u021badelor \u0219i a anexei blocului de baz\u0103 al Gr\u0103dini\u021bei. \u00cen cadrul programului municipal de performan\u021b\u0103 energetic\u0103, unitatea&hellip;<\/p>","protected":false},"author":1,"featured_media":84281,"comment_status":"open","ping_status":"open","sticky":false,"template":"","format":"standard","meta":[],"categories":[244],"tags":[],"acf":[],"_links":{"self":[{"href":"https:\/\/chisinaucentru.md\/en\/wp-json\/wp\/v2\/posts\/84273"}],"collection":[{"href":"https:\/\/chisinaucentru.md\/en\/wp-json\/wp\/v2\/posts"}],"about":[{"href":"https:\/\/chisinaucentru.md\/en\/wp-json\/wp\/v2\/types\/post"}],"author":[{"embeddable":true,"href":"https:\/\/chisinaucentru.md\/en\/wp-json\/wp\/v2\/users\/1"}],"replies":[{"embeddable":true,"href":"https:\/\/chisinaucentru.md\/en\/wp-json\/wp\/v2\/comments?post=84273"}],"version-history":[{"count":3,"href":"https:\/\/chisinaucentru.md\/en\/wp-json\/wp\/v2\/posts\/84273\/revisions"}],"predecessor-version":[{"id":84297,"href":"https:\/\/chisinaucentru.md\/en\/wp-json\/wp\/v2\/posts\/84273\/revisions\/84297"}],"wp:featuredmedia":[{"embeddable":true,"href":"https:\/\/chisinaucentru.md\/en\/wp-json\/wp\/v2\/media\/84281"}],"wp:attachment":[{"href":"https:\/\/chisinaucentru.md\/en\/wp-json\/wp\/v2\/media?parent=84273"}],"wp:term":[{"taxonomy":"category","embeddable":true,"href":"https:\/\/chisinaucentru.md\/en\/wp-json\/wp\/v2\/categories?post=84273"},{"taxonomy":"post_tag","embeddable":true,"href":"https:\/\/chisinaucentru.md\/en\/wp-json\/wp\/v2\/tags?post=84273"}],"curies":[{"name":"wp","href":"https:\/\/api.w.org\/{rel}","templated":true}]}}