{"id":84240,"date":"2024-11-13T17:14:07","date_gmt":"2024-11-13T15:14:07","guid":{"rendered":"https:\/\/chisinaucentru.md\/?p=84240"},"modified":"2024-11-14T17:14:26","modified_gmt":"2024-11-14T15:14:26","slug":"comunitatea-nevazatorilor-din-sectorul-centru-in-grija-autoritatilor","status":"publish","type":"post","link":"https:\/\/chisinaucentru.md\/en\/comunitatea-nevazatorilor-din-sectorul-centru-in-grija-autoritatilor\/","title":{"rendered":"Comunitatea nev\u0103z\u0103torilor din sectorul Centru, \u00een grija autorit\u0103\u021bilor"},"content":{"rendered":"<div class=\"vc_row wpb_row vc_row-fluid dt-default\" style=\"margin-top: 0px;margin-bottom: 0px\"><div class=\"wpb_column vc_column_container vc_col-sm-12\"><div class=\"vc_column-inner\"><div class=\"wpb_wrapper\">\n\t<div class=\"wpb_text_column wpb_content_element\" >\n\t\t<div class=\"wpb_wrapper\">\n\t\t\t<p><span style=\"color: #050505;\"><span style=\"font-family: Times New Roman, serif;\"><span style=\"font-size: large;\"><span lang=\"ro-RO\">Anual, la 13 noiembrie, la nivel mondial este marcat\u0103 Ziua Nev\u0103z\u0103torilor, o zi dedicat\u0103 sensibiliz\u0103rii opiniei publice privind problematica persoanelor cu deficien\u021be de vedere \u0219i promovarea drepturilor acestei categorii de persoane.<\/span><\/span><\/span><\/span><\/p>\n<p><span style=\"color: #050505;\"><span style=\"font-family: Times New Roman, serif;\"><span style=\"font-size: large;\"><span lang=\"ro-RO\">Persoanele cu deficien\u021be de vedere locuiesc preponderent \u00een sectorul Centru al Capitalei, \u00een cartierele din strada Pietrarilor.<\/span><\/span><\/span><\/span><\/p>\n<p><span style=\"color: #050505;\"><span style=\"font-family: Times New Roman, serif;\"><span style=\"font-size: large;\"><span lang=\"ro-RO\">Tot la str. Pietrarilor se afl\u0103 \u0219i sediul Asocia\u021biei Nev\u0103z\u0103torilor din Republica Moldova, de asemenea, \u00een Centru este unicul Liceu din Chi\u0219in\u0103u pentru copii cu deficien\u021be de vedere, la str. Vlaicu P\u00e2rc\u0103lab.<\/span><\/span><\/span><\/span><\/p>\n<p><span style=\"color: #050505;\"><span style=\"font-family: Times New Roman, serif;\"><span style=\"font-size: large;\"><span lang=\"ro-RO\">\u00cen vederea promov\u0103rii procesului de incluziune a persoanelor cu deficien\u021be de v\u0103z \u0219i \u00een vederea amelior\u0103rii st\u0103rii materiale ale acestora, Pretura sectorului Centru, \u00eentreprinde diferite activit\u0103\u021bile de sus\u021binere.<\/span><\/span><\/span><\/span><\/p>\n<p><span style=\"color: #050505;\"><span style=\"font-family: Times New Roman, serif;\"><span style=\"font-size: large;\"><span lang=\"ro-RO\"><strong>Protec\u021bie social\u0103:<\/strong><br \/>\n\u2022Ansamblul artistic al Liceului pentru copii cu deficien\u021be de vedere particip\u0103 de fiecare dat\u0103 \u0219i ocup\u0103 pozi\u021bii \u00eenalte la concursurile \u0219i festivalurile de sector, precum evenimentul folcloric \u201dLa f\u00e2nt\u00e2na dorului\u201d;<br \/>\n\u2022 \u00cen cadrul turneului municipal la \u0219ah \u0219i dame \u201dCupa Seniorilor\u201d, printre participan\u021bii competi\u021biei, inclusiv, \u00eenving\u0103torii acesteia la nivel municipal, care s-au ales cu premii de p\u00e2n\u0103 la 5000 lei, au fost juc\u0103tori cu deficien\u021be de vedere din sectorul Centru, utiliz\u00e2nd \u00een timpul jocului tabl\u0103 reliefat\u0103,<br \/>\n\u2022 La s\u0103rb\u0103torile de Cr\u0103ciun, 8 martie, Pa\u0219te, Hram dar \u0219i altele, Pretorul, Vadim H\u00eencu merge la Asocia\u021bia Nev\u0103z\u0103torilor pentru a oferi fiec\u0103rui membru colete cu produse alimentare;<br \/>\n\u2022 O bun\u0103 parte a beneficiarilor cantinei sociale din cadrul Preturii sectorului Centru sunt persoane nev\u0103z\u0103toare;<br \/>\n\u2022 Pretura sectorului Centru a asigurat sponsorizarea unei excursii la o rezerva\u021bie natural\u0103, pentru membrii Asocia\u021biei Nev\u0103z\u0103torilor;<br \/>\n\u2022 Prin intermediul programului municipal de asigurare cu dispozitive medicale \u0219i non-medicale specializate, mai mul\u021bi locuitori ai sectorului Centru cu dizabilitate de vedere au primit tonometre sonorizate \u0219i bastoane albe.<\/span><\/span><\/span><\/span><\/p>\n<p><span style=\"color: #050505;\"><span style=\"font-family: Times New Roman, serif;\"><span style=\"font-size: large;\"><span lang=\"ro-RO\"><strong>Infrastructur\u0103 accesibil\u0103<\/strong><br \/>\n\u2022 A fost amenajat scuarul adaptat persoanelor cu deficien\u021be de vedere pe strada Pietrarilor 14\/4, dotat cu pavaj tactil, echipament sportiv special pentru nev\u0103z\u0103tori;<br \/>\n\u2022 Au fost instalate balustrade la toate intr\u0103rile \u00een blocurile de locuit din regiunea unde acestea lipseau, iar cele existente s-au reparat \u0219i vopsit;<br \/>\n\u2022 \u00cen sectorul Centru sunt montate semafoare cu sistem auditiv;<br \/>\n\u2022 Majoritatea proiectelor de reabilitare a trotuarelor din sectorul Centru prev\u0103d amenajarea cu pavaj tactil, pentru asigurarea orient\u0103rii persoanelor nev\u0103z\u0103toare;<br \/>\n\u2022 La trecerile de pietoni, bordurile sunt cobor\u00e2te la nivelul carosabilului, \u00een scopul deplas\u0103rii accesibile \u0219i independente a persoanelor nev\u0103z\u0103toare;<br \/>\n\u2022 \u00cen Cartierul Telecentru, \u0219os. H\u00eence\u0219ti, str. Pietrarilor, 4, \u00een zona unde locuiesc persoane cu deficien\u021be de vedere a fost prelungit\u0103 ruta de troleibuz nr. 35;<br \/>\n\u2022 Pe str. Pietrarilor, 4, a fost amenajat un teren de joac\u0103 pentru copii;<br \/>\n\u2022 A fost asfaltat carosabilul la str. Pietrarilor, 28, cartierul persoanelor cu dizabilit\u0103\u021bi;<br \/>\n\u2022 Sunt \u00een faza de proiectare lucr\u0103rile de reabilitare a trotuarelor pe strada Drumul Viilor de la str. Pietrarilor p\u00e2n\u0103 la str. Lech Kaczynski, cartierul unde locuiesc persoane nev\u0103z\u0103toare.<br \/>\n<\/span><\/span><\/span><\/span><\/p>\n\n\t\t<\/div>\n\t<\/div>\n<\/div><\/div><\/div><\/div><div class=\"vc_row wpb_row vc_row-fluid dt-default\" style=\"margin-top: 0px;margin-bottom: 0px\"><div class=\"wpb_column vc_column_container vc_col-sm-12\"><div class=\"vc_column-inner\"><div class=\"wpb_wrapper\">\n<div class=\"vc_grid-container-wrapper vc_clearfix vc_grid-animation-fadeIn\">\n\t<div class=\"vc_grid-container vc_clearfix wpb_content_element vc_media_grid\" data-initial-loading-animation=\"fadeIn\" data-vc-grid-settings=\"{&quot;page_id&quot;:84240,&quot;style&quot;:&quot;all&quot;,&quot;action&quot;:&quot;vc_get_vc_grid_data&quot;,&quot;shortcode_id&quot;:&quot;1731597166402-089c452b319603a93a9126bcd61773ea-5&quot;,&quot;tag&quot;:&quot;vc_media_grid&quot;}\" data-vc-request=\"https:\/\/chisinaucentru.md\/wp-admin\/admin-ajax.php\" data-vc-post-id=\"84240\" data-vc-public-nonce=\"b7e9f1e002\">\n\t\t\n\t<\/div>\n<\/div><\/div><\/div><\/div><\/div>","protected":false},"excerpt":{"rendered":"<p>Anual, la 13 noiembrie, la nivel mondial este marcat\u0103 Ziua Nev\u0103z\u0103torilor, o zi dedicat\u0103 sensibiliz\u0103rii opiniei publice privind problematica persoanelor cu deficien\u021be de vedere \u0219i promovarea drepturilor acestei categorii de persoane. Persoanele cu deficien\u021be de vedere locuiesc preponderent \u00een sectorul Centru al Capitalei, \u00een cartierele din strada Pietrarilor. Tot la str. Pietrarilor se afl\u0103 \u0219i&hellip;<\/p>","protected":false},"author":1,"featured_media":84242,"comment_status":"open","ping_status":"open","sticky":false,"template":"","format":"standard","meta":[],"categories":[244],"tags":[],"acf":[],"_links":{"self":[{"href":"https:\/\/chisinaucentru.md\/en\/wp-json\/wp\/v2\/posts\/84240"}],"collection":[{"href":"https:\/\/chisinaucentru.md\/en\/wp-json\/wp\/v2\/posts"}],"about":[{"href":"https:\/\/chisinaucentru.md\/en\/wp-json\/wp\/v2\/types\/post"}],"author":[{"embeddable":true,"href":"https:\/\/chisinaucentru.md\/en\/wp-json\/wp\/v2\/users\/1"}],"replies":[{"embeddable":true,"href":"https:\/\/chisinaucentru.md\/en\/wp-json\/wp\/v2\/comments?post=84240"}],"version-history":[{"count":3,"href":"https:\/\/chisinaucentru.md\/en\/wp-json\/wp\/v2\/posts\/84240\/revisions"}],"predecessor-version":[{"id":84251,"href":"https:\/\/chisinaucentru.md\/en\/wp-json\/wp\/v2\/posts\/84240\/revisions\/84251"}],"wp:featuredmedia":[{"embeddable":true,"href":"https:\/\/chisinaucentru.md\/en\/wp-json\/wp\/v2\/media\/84242"}],"wp:attachment":[{"href":"https:\/\/chisinaucentru.md\/en\/wp-json\/wp\/v2\/media?parent=84240"}],"wp:term":[{"taxonomy":"category","embeddable":true,"href":"https:\/\/chisinaucentru.md\/en\/wp-json\/wp\/v2\/categories?post=84240"},{"taxonomy":"post_tag","embeddable":true,"href":"https:\/\/chisinaucentru.md\/en\/wp-json\/wp\/v2\/tags?post=84240"}],"curies":[{"name":"wp","href":"https:\/\/api.w.org\/{rel}","templated":true}]}}