{"id":84056,"date":"2024-11-10T13:33:40","date_gmt":"2024-11-10T11:33:40","guid":{"rendered":"https:\/\/chisinaucentru.md\/?p=84056"},"modified":"2024-11-11T13:35:04","modified_gmt":"2024-11-11T11:35:04","slug":"mesajul-pretorului-sectorului-centru-cu-prilejul-zilei-nationale-a-tinerilor","status":"publish","type":"post","link":"https:\/\/chisinaucentru.md\/en\/mesajul-pretorului-sectorului-centru-cu-prilejul-zilei-nationale-a-tinerilor\/","title":{"rendered":"Mesajul Pretorului sectorului Centru cu prilejul Zilei Na\u021bionale a Tinerilor"},"content":{"rendered":"<div class=\"vc_row wpb_row vc_row-fluid dt-default\" style=\"margin-top: 0px;margin-bottom: 0px\"><div class=\"wpb_column vc_column_container vc_col-sm-12\"><div class=\"vc_column-inner\"><div class=\"wpb_wrapper\">\n\t<div class=\"wpb_text_column wpb_content_element\" >\n\t\t<div class=\"wpb_wrapper\">\n\t\t\t<p><strong><span style=\"color: #050505;\"><span style=\"font-family: Times New Roman, serif;\"><span style=\"font-size: large;\"><span lang=\"ro-RO\">Dragi tineri,<\/span><\/span><\/span><\/span><\/strong><\/p>\n<p><span style=\"color: #050505;\"><span style=\"font-family: Times New Roman, serif;\"><span style=\"font-size: large;\"><span lang=\"ro-RO\">De Ziua Na\u021bional\u0103 a Tineretului felicit pe to\u021bi cei cu inima t\u00e2n\u0103r\u0103, v\u0103 \u00eendemn s\u0103 deveni\u021bi lideri adev\u0103ra\u021bi \u0219i remarcabili,<br \/>\ncare se bucur\u0103 de admira\u021bia colegilor \u0219i inspir\u0103 comunitatea.<\/span><\/span><\/span><\/span><\/p>\n<p><span style=\"color: #050505;\"><span style=\"font-family: Times New Roman, serif;\"><span style=\"font-size: large;\"><span lang=\"ro-RO\">Tinerii abilita\u021bi, puternici, curajo\u0219i \u0219i inteligen\u021bi reprezint\u0103 capitalul uman ce guverneaz\u0103 viitorul european al \u021b\u0103rii noastre.<br \/>\n<\/span><\/span><\/span><\/span><span style=\"color: #050505;\"><span style=\"font-family: Times New Roman, serif;\"><span style=\"font-size: large;\"><span lang=\"ro-RO\">Tinerii sunt de neoprit atunci c\u00e2nd au un scop, de aceea, indiferent de orice, alimenta\u021bi acea energie care v\u0103 men\u021bine entuziasmul.<br \/>\nValorifica\u021bi-v\u0103 poten\u021bialul \u0219i orienta\u021bi-v\u0103 spre viziunea de dezvoltare personal\u0103 \u00een unison cu prosperarea comunit\u0103\u021bii.<br \/>\nInvesti\u021bi \u00een educa\u021bie, cuno\u0219tin\u021be \u0219i experien\u021be, crea\u021bi, implica\u021bi-v\u0103 \u00een activit\u0103\u021bi care v\u0103 aduc pl\u0103cere, fi\u021bi curio\u0219i \u0219i pasiona\u021bi de lucrurile care v\u0103 aduc \u00eemplinire.<br \/>\n\u0218i nu uita\u021bi c\u0103 e firesc s\u0103 gre\u0219e\u0219ti uneori, dar e \u00een\u0103l\u021b\u0103tor s\u0103 mai \u00eencerci odat\u0103 \u0219i s\u0103 reu\u0219e\u0219ti!<\/span><\/span><\/span><\/span><\/p>\n<p><span style=\"color: #050505;\"><span style=\"font-family: Times New Roman, serif;\"><span style=\"font-size: large;\"><span lang=\"ro-RO\">Cu \u00eenalt\u0103 considera\u021bie,<br \/>\nVadim H\u00ceNCU<br \/>\nPretorul sectorului Centru<br \/>\n<\/span><\/span><\/span><\/span><\/p>\n<p><span style=\"color: #050505;\"><span style=\"font-family: Times New Roman, serif;\"><span style=\"font-size: large;\"><span lang=\"ro-RO\">***<br \/>\n\u00cen contextul Zilei Na\u021bionale a Tineretului \u0219i Zilei Interna\u021bionale a Studen\u021bilor, Prim\u0103ria Municipiului Chi\u0219in\u0103u organizeaz\u0103 o petrecere grandioas\u0103, <a href=\"https:\/\/www.facebook.com\/hashtag\/coolparty\" target=\"_blank\" rel=\"noopener\">#COOLPARTY<\/a><br \/>\n<\/span><\/span><\/span><\/span><\/p>\n\n\t\t<\/div>\n\t<\/div>\n<\/div><\/div><\/div><\/div><div class=\"vc_row wpb_row vc_row-fluid dt-default\" style=\"margin-top: 0px;margin-bottom: 0px\"><div class=\"wpb_column vc_column_container vc_col-sm-12\"><div class=\"vc_column-inner\"><div class=\"wpb_wrapper\">\n\t<div  class=\"wpb_single_image wpb_content_element vc_align_left\">\n\t\t\n\t\t<figure class=\"wpb_wrapper vc_figure\">\n\t\t\t<div class=\"vc_single_image-wrapper   vc_box_border_grey\"><img width=\"1920\" height=\"1005\" src=\"https:\/\/chisinaucentru.md\/wp-content\/uploads\/2024\/11\/466159112_542776425164322_6148017901155162073_n.jpg\" class=\"vc_single_image-img attachment-full\" alt=\"\" loading=\"lazy\" title=\"466159112_542776425164322_6148017901155162073_n\" srcset=\"https:\/\/chisinaucentru.md\/wp-content\/uploads\/2024\/11\/466159112_542776425164322_6148017901155162073_n.jpg 1920w, https:\/\/chisinaucentru.md\/wp-content\/uploads\/2024\/11\/466159112_542776425164322_6148017901155162073_n-300x157.jpg 300w, https:\/\/chisinaucentru.md\/wp-content\/uploads\/2024\/11\/466159112_542776425164322_6148017901155162073_n-1024x536.jpg 1024w, https:\/\/chisinaucentru.md\/wp-content\/uploads\/2024\/11\/466159112_542776425164322_6148017901155162073_n-768x402.jpg 768w, https:\/\/chisinaucentru.md\/wp-content\/uploads\/2024\/11\/466159112_542776425164322_6148017901155162073_n-1536x804.jpg 1536w, https:\/\/chisinaucentru.md\/wp-content\/uploads\/2024\/11\/466159112_542776425164322_6148017901155162073_n-18x9.jpg 18w\" sizes=\"(max-width: 1920px) 100vw, 1920px\"  data-dt-location=\"https:\/\/chisinaucentru.md\/en\/mesajul-pretorului-sectorului-centru-cu-prilejul-zilei-nationale-a-tinerilor\/466159112_542776425164322_6148017901155162073_n\/\" \/><\/div>\n\t\t<\/figure>\n\t<\/div>\n<\/div><\/div><\/div><\/div>","protected":false},"excerpt":{"rendered":"<p>Dragi tineri, De Ziua Na\u021bional\u0103 a Tineretului felicit pe to\u021bi cei cu inima t\u00e2n\u0103r\u0103, v\u0103 \u00eendemn s\u0103 deveni\u021bi lideri adev\u0103ra\u021bi \u0219i remarcabili, care se bucur\u0103 de admira\u021bia colegilor \u0219i inspir\u0103 comunitatea. Tinerii abilita\u021bi, puternici, curajo\u0219i \u0219i inteligen\u021bi reprezint\u0103 capitalul uman ce guverneaz\u0103 viitorul european al \u021b\u0103rii noastre. Tinerii sunt de neoprit atunci c\u00e2nd au un&hellip;<\/p>","protected":false},"author":1,"featured_media":84058,"comment_status":"open","ping_status":"open","sticky":false,"template":"","format":"standard","meta":[],"categories":[244],"tags":[],"acf":[],"_links":{"self":[{"href":"https:\/\/chisinaucentru.md\/en\/wp-json\/wp\/v2\/posts\/84056"}],"collection":[{"href":"https:\/\/chisinaucentru.md\/en\/wp-json\/wp\/v2\/posts"}],"about":[{"href":"https:\/\/chisinaucentru.md\/en\/wp-json\/wp\/v2\/types\/post"}],"author":[{"embeddable":true,"href":"https:\/\/chisinaucentru.md\/en\/wp-json\/wp\/v2\/users\/1"}],"replies":[{"embeddable":true,"href":"https:\/\/chisinaucentru.md\/en\/wp-json\/wp\/v2\/comments?post=84056"}],"version-history":[{"count":3,"href":"https:\/\/chisinaucentru.md\/en\/wp-json\/wp\/v2\/posts\/84056\/revisions"}],"predecessor-version":[{"id":84060,"href":"https:\/\/chisinaucentru.md\/en\/wp-json\/wp\/v2\/posts\/84056\/revisions\/84060"}],"wp:featuredmedia":[{"embeddable":true,"href":"https:\/\/chisinaucentru.md\/en\/wp-json\/wp\/v2\/media\/84058"}],"wp:attachment":[{"href":"https:\/\/chisinaucentru.md\/en\/wp-json\/wp\/v2\/media?parent=84056"}],"wp:term":[{"taxonomy":"category","embeddable":true,"href":"https:\/\/chisinaucentru.md\/en\/wp-json\/wp\/v2\/categories?post=84056"},{"taxonomy":"post_tag","embeddable":true,"href":"https:\/\/chisinaucentru.md\/en\/wp-json\/wp\/v2\/tags?post=84056"}],"curies":[{"name":"wp","href":"https:\/\/api.w.org\/{rel}","templated":true}]}}