{"id":83683,"date":"2024-10-29T10:19:55","date_gmt":"2024-10-29T08:19:55","guid":{"rendered":"https:\/\/chisinaucentru.md\/?p=83683"},"modified":"2024-11-07T10:20:03","modified_gmt":"2024-11-07T08:20:03","slug":"inaugurarea-dupa-renovare-a-salii-de-sport-a-liceului-teoretic-titu-maiorescu","status":"publish","type":"post","link":"https:\/\/chisinaucentru.md\/en\/inaugurarea-dupa-renovare-a-salii-de-sport-a-liceului-teoretic-titu-maiorescu\/","title":{"rendered":"Inaugurarea dup\u0103 renovare a s\u0103lii de sport a Liceului Teoretic \u201dTitu Maiorescu\u201d"},"content":{"rendered":"<div class=\"vc_row wpb_row vc_row-fluid dt-default\" style=\"margin-top: 0px;margin-bottom: 0px\"><div class=\"wpb_column vc_column_container vc_col-sm-12\"><div class=\"vc_column-inner\"><div class=\"wpb_wrapper\">\n\t<div class=\"wpb_text_column wpb_content_element\" >\n\t\t<div class=\"wpb_wrapper\">\n\t\t\t<p><span style=\"color: #050505;\"><span style=\"font-family: Times New Roman, serif;\"><span style=\"font-size: large;\"><span lang=\"ro-RO\">Gazda institu\u021biei de \u00eenv\u0103\u021b\u0103m\u00e2nt din sectorul Centru i-a avut ast\u0103zi, la 29 octombrie 2024, ca oaspe\u021bi onorabili pe Pretorul sectorului Centru, Vadim H\u00eencu, Primarul General al municipiului Chi\u0219in\u0103u, Ion Ceban, Viceprimarul, Angela Cutasevici, \u0218eful adjunct al DGETS, Andrei Pavaloi, \u0218efa DETS Centru, Natalia Str\u0103jesco. To\u021bi sunt parteneri ai proiectului de infrastructur\u0103 de asigurare a condi\u021biilor moderne pentru practicarea sportului \u00een Liceul Teoretic \u201dTitu Maiorescu\u201d.<\/span><\/span><\/span><\/span><\/p>\n<p><span style=\"color: #050505;\"><span style=\"font-family: Times New Roman, serif;\"><span style=\"font-size: large;\"><span lang=\"ro-RO\">Cu o investi\u021bie de circa 4 milioane de lei din bugetul municipal, s-a reu\u0219it implementarea proiectul de \u00eembun\u0103t\u0103\u021bire a infrastructurii sportive prin repara\u021bia capital\u0103 a s\u0103lii de sport, a vestiarelor \u0219i \u00eenc\u0103perilor pentru inventar din cadrul Liceului Teoretic \u201dTitu Maiorescu\u201d din sectorul Centru.<\/span><\/span><\/span><\/span><\/p>\n<p><span style=\"color: #050505;\"><span style=\"font-family: Times New Roman, serif;\"><span style=\"font-size: large;\"><span lang=\"ro-RO\">Lucr\u0103rile de execu\u021bie aferente proiectului au inclus schimbarea t\u00e2mpl\u0103riei, \u00eenlocuirea sistemului de iluminat \u0219i termic, repara\u021bia podelei, a tavanului \u0219i pere\u021bilor, aplicarea finisajelor, achizi\u021bionarea inventarului sportiv \u0219i \u00eenc\u0103 multe lucr\u0103ri menite s\u0103 asigure condi\u021bii optime de dezvoltare fizic\u0103 la copii.<\/span><\/span><\/span><\/span><\/p>\n<p><span style=\"color: #050505;\"><span style=\"font-family: Times New Roman, serif;\"><span style=\"font-size: large;\"><span lang=\"ro-RO\">Odat\u0103 cu reabilitarea integral\u0103 a s\u0103lii de sport a crescut considerabil eficien\u021ba practic\u0103rii at\u00e2t a lec\u021biilor de educa\u021bie fizic\u0103, c\u00e2t \u0219i a cercurilor pe interese, a cluburilor sportive extracurriculare, a antrenamentelor pentru buna preg\u0103tire a elevilor la competi\u021bii sportive locale \u0219i na\u021bionale, dar \u0219i a altor activit\u0103\u021bi institu\u021bionale.<\/span><\/span><\/span><\/span><\/p>\n<p><span style=\"color: #050505;\"><span style=\"font-family: Times New Roman, serif;\"><span style=\"font-size: large;\"><span lang=\"ro-RO\">De men\u021bionat c\u0103, Liceul Teoretic \u201dTitu Maiorescu\u201d are echipe remarcabile de sportivi \u0219i particip\u0103 la toate competi\u021biile organizate de Pretura sectorului Centru, ocup\u00e2nd locuri de frunte.<\/span><\/span><\/span><\/span><\/p>\n<p><span style=\"color: #050505;\"><span style=\"font-family: Times New Roman, serif;\"><span style=\"font-size: large;\"><span lang=\"ro-RO\">La invita\u021bia Primarului rom\u00e2n, Ioana Georgescu, \u00eentemeiat\u0103 de rela\u021bia de \u00eenfr\u0103\u021bire dintre ora\u0219ele Pite\u0219ti \u0219i Chi\u0219in\u0103u, delega\u021bia Prim\u0103riei Chi\u0219in\u0103u a participat \u00een cadrul Festivalului \u201dFocul lui Sumedru\u201d, eveniment cultural ancestral care reaprinde an de an o veche tradi\u021bie rom\u00e2neasc\u0103 \u00een ajun de Sf\u00e2ntul Dumitru \u0219i anun\u021b\u0103 \u00eenceperea sezonului rece.<\/span><\/span><\/span><\/span><\/p>\n\n\t\t<\/div>\n\t<\/div>\n<\/div><\/div><\/div><\/div><div class=\"vc_row wpb_row vc_row-fluid dt-default\" style=\"margin-top: 0px;margin-bottom: 0px\"><div class=\"wpb_column vc_column_container vc_col-sm-12\"><div class=\"vc_column-inner\"><div class=\"wpb_wrapper\">\n<div class=\"vc_grid-container-wrapper vc_clearfix vc_grid-animation-fadeIn\">\n\t<div class=\"vc_grid-container vc_clearfix wpb_content_element vc_media_grid\" data-initial-loading-animation=\"fadeIn\" data-vc-grid-settings=\"{&quot;page_id&quot;:83683,&quot;style&quot;:&quot;all&quot;,&quot;action&quot;:&quot;vc_get_vc_grid_data&quot;,&quot;shortcode_id&quot;:&quot;1730967496601-26e9f6b6e53bef38287c02be8e3344fe-2&quot;,&quot;tag&quot;:&quot;vc_media_grid&quot;}\" data-vc-request=\"https:\/\/chisinaucentru.md\/wp-admin\/admin-ajax.php\" data-vc-post-id=\"83683\" data-vc-public-nonce=\"39ce34e9ee\">\n\t\t\n\t<\/div>\n<\/div><\/div><\/div><\/div><\/div>","protected":false},"excerpt":{"rendered":"<p>Gazda institu\u021biei de \u00eenv\u0103\u021b\u0103m\u00e2nt din sectorul Centru i-a avut ast\u0103zi, la 29 octombrie 2024, ca oaspe\u021bi onorabili pe Pretorul sectorului Centru, Vadim H\u00eencu, Primarul General al municipiului Chi\u0219in\u0103u, Ion Ceban, Viceprimarul, Angela Cutasevici, \u0218eful adjunct al DGETS, Andrei Pavaloi, \u0218efa DETS Centru, Natalia Str\u0103jesco. To\u021bi sunt parteneri ai proiectului de infrastructur\u0103 de asigurare a condi\u021biilor&hellip;<\/p>","protected":false},"author":1,"featured_media":83688,"comment_status":"open","ping_status":"open","sticky":false,"template":"","format":"standard","meta":[],"categories":[244],"tags":[],"acf":[],"_links":{"self":[{"href":"https:\/\/chisinaucentru.md\/en\/wp-json\/wp\/v2\/posts\/83683"}],"collection":[{"href":"https:\/\/chisinaucentru.md\/en\/wp-json\/wp\/v2\/posts"}],"about":[{"href":"https:\/\/chisinaucentru.md\/en\/wp-json\/wp\/v2\/types\/post"}],"author":[{"embeddable":true,"href":"https:\/\/chisinaucentru.md\/en\/wp-json\/wp\/v2\/users\/1"}],"replies":[{"embeddable":true,"href":"https:\/\/chisinaucentru.md\/en\/wp-json\/wp\/v2\/comments?post=83683"}],"version-history":[{"count":3,"href":"https:\/\/chisinaucentru.md\/en\/wp-json\/wp\/v2\/posts\/83683\/revisions"}],"predecessor-version":[{"id":83718,"href":"https:\/\/chisinaucentru.md\/en\/wp-json\/wp\/v2\/posts\/83683\/revisions\/83718"}],"wp:featuredmedia":[{"embeddable":true,"href":"https:\/\/chisinaucentru.md\/en\/wp-json\/wp\/v2\/media\/83688"}],"wp:attachment":[{"href":"https:\/\/chisinaucentru.md\/en\/wp-json\/wp\/v2\/media?parent=83683"}],"wp:term":[{"taxonomy":"category","embeddable":true,"href":"https:\/\/chisinaucentru.md\/en\/wp-json\/wp\/v2\/categories?post=83683"},{"taxonomy":"post_tag","embeddable":true,"href":"https:\/\/chisinaucentru.md\/en\/wp-json\/wp\/v2\/tags?post=83683"}],"curies":[{"name":"wp","href":"https:\/\/api.w.org\/{rel}","templated":true}]}}