{"id":83146,"date":"2024-10-09T15:14:29","date_gmt":"2024-10-09T12:14:29","guid":{"rendered":"https:\/\/chisinaucentru.md\/?p=83146"},"modified":"2024-10-09T15:14:50","modified_gmt":"2024-10-09T12:14:50","slug":"zilele-orasului-chisinau","status":"publish","type":"post","link":"https:\/\/chisinaucentru.md\/en\/zilele-orasului-chisinau\/","title":{"rendered":"Zilele ora\u0219ului Chi\u0219in\u0103u"},"content":{"rendered":"<div class=\"vc_row wpb_row vc_row-fluid dt-default\" style=\"margin-top: 0px;margin-bottom: 0px\"><div class=\"wpb_column vc_column_container vc_col-sm-12\"><div class=\"vc_column-inner\"><div class=\"wpb_wrapper\">\n\t<div class=\"wpb_text_column wpb_content_element\" >\n\t\t<div class=\"wpb_wrapper\">\n\t\t\t<p><span style=\"color: #050505;\"><span style=\"font-family: Times New Roman, serif;\"><span style=\"font-size: large;\"><span lang=\"ro-RO\">13 \u0219i 14 octombrie 2024<\/span><\/span><\/span><\/span><\/p>\n<p><span style=\"color: #050505;\"><span style=\"font-family: Times New Roman, serif;\"><span style=\"font-size: large;\"><span lang=\"ro-RO\">Atmosfera festiv\u0103 va cuprinde fiecare col\u021b al urbei, oferind tuturor ocazia de a se reconecta cu tradi\u021biile \u0219i de a celebra spiritul autentic al Chi\u0219in\u0103ului.<\/span><\/span><\/span><\/span><\/p>\n<p><span style=\"color: #050505;\"><span style=\"font-family: Times New Roman, serif;\"><span style=\"font-size: large;\"><span lang=\"ro-RO\">Pe l\u00e2ng\u0103 concertele de zile mari, programul include t\u00e2rguri, expozi\u021bii, activit\u0103\u021bi culturale \u0219i de divertisment, care vor aduce bucurie \u0219i vor contribui la consolidarea sentimentului de comunitate.<\/span><\/span><\/span><\/span><\/p>\n<p><span style=\"color: #050505;\"><span style=\"font-family: Times New Roman, serif;\"><span style=\"font-size: large;\"><span lang=\"ro-RO\">Ziua de 13 octombrie \u2013 un concert dedicat spiritului tineresc<\/span><\/span><\/span><\/span><\/p>\n<p><span style=\"color: #050505;\"><span style=\"font-family: Times New Roman, serif;\"><span style=\"font-size: large;\"><span lang=\"ro-RO\">Pe 13 octombrie 2024, Pia\u021ba Marii Adun\u0103ri Na\u021bionale se va umple de energia tinerilor, unde muzica fresh \u0219i ritmurile vibrante vor fi \u00een centrul aten\u021biei.<br \/>\nArti\u0219tii Mark Stam, Sunstroke Project, Misha Miller, Andro, Mira, Minelli, DJ Vanotek \u0219i Jador promit un spectacol care va aduce bucurie \u0219i emo\u021bie pe chipurile tuturor.<\/span><\/span><\/span><\/span><\/p>\n<p><span style=\"color: #050505;\"><span style=\"font-family: Times New Roman, serif;\"><span style=\"font-size: large;\"><span lang=\"ro-RO\">Concertul \u00eencepe la ora 18:00, iar accesul este gratuit pentru to\u021bi cei care vor s\u0103 simt\u0103 energia tinere\u021bii \u00een aceast\u0103 sear\u0103 special\u0103.<\/span><\/span><\/span><\/span><\/p>\n<p><span style=\"color: #050505;\"><span style=\"font-family: Times New Roman, serif;\"><span style=\"font-size: large;\"><span lang=\"ro-RO\">Ziua de 14 octombrie \u2013 tradi\u021bie \u0219i cultur\u0103 \u00een inima capitalei<\/span><\/span><\/span><\/span><\/p>\n<p><span style=\"color: #050505;\"><span style=\"font-family: Times New Roman, serif;\"><span style=\"font-size: large;\"><span lang=\"ro-RO\">Pe 14 octombrie, s\u0103rb\u0103toarea continu\u0103 cu momente dedicate tradi\u021biei \u0219i culturii. Ziua va \u00eencepe cu Liturghia de Hram, urmat\u0103 de t\u00e2rguri \u0219i expozi\u021bii, oferind o diversitate de activit\u0103\u021bi pentru \u00eentreaga familie.<\/span><\/span><\/span><\/span><\/p>\n<p><span style=\"color: #050505;\"><span style=\"font-family: Times New Roman, serif;\"><span style=\"font-size: large;\"><span lang=\"ro-RO\">\u00cen seara zilei, scena principal\u0103 va g\u0103zdui cele mai mari orchestre ale Chi\u0219in\u0103ului conduse de dirijori ilu\u0219tri :<\/span><\/span><\/span><\/span><\/p>\n<ul>\n<li><span style=\"color: #050505;\"><span style=\"font-family: Times New Roman, serif;\"><span style=\"font-size: large;\"><span lang=\"ro-RO\">Orchestra Teatrului Na\u021bional de Oper\u0103 \u0219i Balet \u201eMaria Bie\u0219u\u201d<br \/>\n<\/span><\/span><\/span><\/span><\/li>\n<li><span style=\"color: #050505;\"><span style=\"font-family: Times New Roman, serif;\"><span style=\"font-size: large;\"><span lang=\"ro-RO\">Orchestra Fra\u0163ilor Advahov<\/span><\/span><\/span><\/span><\/li>\n<li><span style=\"color: #050505;\"><span style=\"font-family: Times New Roman, serif;\"><span style=\"font-size: large;\"><span lang=\"ro-RO\">Orchestra \u201eFluiera\u0219\u201d<br \/>\n<\/span><\/span><\/span><\/span><\/li>\n<li><span style=\"color: #050505;\"><span style=\"font-family: Times New Roman, serif;\"><span style=\"font-size: large;\"><span lang=\"ro-RO\">Camerata Chi\u015fin\u0103u<br \/>\n<\/span><\/span><\/span><\/span><\/li>\n<li><span style=\"color: #050505;\"><span style=\"font-family: Times New Roman, serif;\"><span style=\"font-size: large;\"><span lang=\"ro-RO\">Chisinau Jazz Orchestra<br \/>\n<\/span><\/span><\/span><\/span><\/li>\n<li><span style=\"color: #050505;\"><span style=\"font-family: Times New Roman, serif;\"><span style=\"font-size: large;\"><span lang=\"ro-RO\">Dorel Burlacu Band<\/span><\/span><\/span><\/span><\/li>\n<\/ul>\n<p><span style=\"color: #050505;\"><span style=\"font-family: Times New Roman, serif;\"><span style=\"font-size: large;\"><span lang=\"ro-RO\">Publicul va avea ocazia s\u0103 asculte arti\u0219ti \u00eendr\u0103gi\u021bi de toate genera\u021biile: Olga Ciolacu, Nina Crulicovschi, Zinaida Julea, Nicolae Glib, Mihai Ciobanu, Natalia Barbu, Satoshi, Magnat \u0219i Feoctist, forma\u021bia Zdob \u0219i Zdub \u0219i mul\u021bi al\u021bii.<\/span><\/span><\/span><\/span><\/p>\n<p><span style=\"color: #050505;\"><span style=\"font-family: Times New Roman, serif;\"><span style=\"font-size: large;\"><span lang=\"ro-RO\">Invitata special\u0103 a serii, renumita interpret\u0103 din Letonia, Laima Vaikule.<\/span><\/span><\/span><\/span><\/p>\n<p><span style=\"color: #050505;\"><span style=\"font-family: Times New Roman, serif;\"><span style=\"font-size: large;\"><span lang=\"ro-RO\">Cele dou\u0103 zile de Hram sunt o ocazie de a fi \u00eempreun\u0103, de a ne bucura de ora\u0219ul nostru \u0219i de a celebra tot ce ne une\u0219te.<br \/>\n<\/span><\/span><\/span><\/span><\/p>\n\n\t\t<\/div>\n\t<\/div>\n<\/div><\/div><\/div><\/div><div class=\"vc_row wpb_row vc_row-fluid dt-default\" style=\"margin-top: 0px;margin-bottom: 0px\"><div class=\"wpb_column vc_column_container vc_col-sm-12\"><div class=\"vc_column-inner\"><div class=\"wpb_wrapper\">\n\t<div  class=\"wpb_single_image wpb_content_element vc_align_left\">\n\t\t\n\t\t<figure class=\"wpb_wrapper vc_figure\">\n\t\t\t<div class=\"vc_single_image-wrapper   vc_box_border_grey\"><img width=\"1080\" height=\"1080\" src=\"https:\/\/chisinaucentru.md\/wp-content\/uploads\/2024\/10\/462488626_519599200815378_4680789604428319498_n.jpg\" class=\"vc_single_image-img attachment-full\" alt=\"\" loading=\"lazy\" title=\"462488626_519599200815378_4680789604428319498_n\" srcset=\"https:\/\/chisinaucentru.md\/wp-content\/uploads\/2024\/10\/462488626_519599200815378_4680789604428319498_n.jpg 1080w, https:\/\/chisinaucentru.md\/wp-content\/uploads\/2024\/10\/462488626_519599200815378_4680789604428319498_n-300x300.jpg 300w, https:\/\/chisinaucentru.md\/wp-content\/uploads\/2024\/10\/462488626_519599200815378_4680789604428319498_n-1024x1024.jpg 1024w, https:\/\/chisinaucentru.md\/wp-content\/uploads\/2024\/10\/462488626_519599200815378_4680789604428319498_n-150x150.jpg 150w, https:\/\/chisinaucentru.md\/wp-content\/uploads\/2024\/10\/462488626_519599200815378_4680789604428319498_n-768x768.jpg 768w, https:\/\/chisinaucentru.md\/wp-content\/uploads\/2024\/10\/462488626_519599200815378_4680789604428319498_n-12x12.jpg 12w\" sizes=\"(max-width: 1080px) 100vw, 1080px\"  data-dt-location=\"https:\/\/chisinaucentru.md\/en\/zilele-orasului-chisinau\/462488626_519599200815378_4680789604428319498_n\/\" \/><\/div>\n\t\t<\/figure>\n\t<\/div>\n<\/div><\/div><\/div><\/div>","protected":false},"excerpt":{"rendered":"<p>13 \u0219i 14 octombrie 2024 Atmosfera festiv\u0103 va cuprinde fiecare col\u021b al urbei, oferind tuturor ocazia de a se reconecta cu tradi\u021biile \u0219i de a celebra spiritul autentic al Chi\u0219in\u0103ului. Pe l\u00e2ng\u0103 concertele de zile mari, programul include t\u00e2rguri, expozi\u021bii, activit\u0103\u021bi culturale \u0219i de divertisment, care vor aduce bucurie \u0219i vor contribui la consolidarea sentimentului&hellip;<\/p>","protected":false},"author":1,"featured_media":83148,"comment_status":"open","ping_status":"open","sticky":false,"template":"","format":"standard","meta":[],"categories":[244],"tags":[],"acf":[],"_links":{"self":[{"href":"https:\/\/chisinaucentru.md\/en\/wp-json\/wp\/v2\/posts\/83146"}],"collection":[{"href":"https:\/\/chisinaucentru.md\/en\/wp-json\/wp\/v2\/posts"}],"about":[{"href":"https:\/\/chisinaucentru.md\/en\/wp-json\/wp\/v2\/types\/post"}],"author":[{"embeddable":true,"href":"https:\/\/chisinaucentru.md\/en\/wp-json\/wp\/v2\/users\/1"}],"replies":[{"embeddable":true,"href":"https:\/\/chisinaucentru.md\/en\/wp-json\/wp\/v2\/comments?post=83146"}],"version-history":[{"count":2,"href":"https:\/\/chisinaucentru.md\/en\/wp-json\/wp\/v2\/posts\/83146\/revisions"}],"predecessor-version":[{"id":83149,"href":"https:\/\/chisinaucentru.md\/en\/wp-json\/wp\/v2\/posts\/83146\/revisions\/83149"}],"wp:featuredmedia":[{"embeddable":true,"href":"https:\/\/chisinaucentru.md\/en\/wp-json\/wp\/v2\/media\/83148"}],"wp:attachment":[{"href":"https:\/\/chisinaucentru.md\/en\/wp-json\/wp\/v2\/media?parent=83146"}],"wp:term":[{"taxonomy":"category","embeddable":true,"href":"https:\/\/chisinaucentru.md\/en\/wp-json\/wp\/v2\/categories?post=83146"},{"taxonomy":"post_tag","embeddable":true,"href":"https:\/\/chisinaucentru.md\/en\/wp-json\/wp\/v2\/tags?post=83146"}],"curies":[{"name":"wp","href":"https:\/\/api.w.org\/{rel}","templated":true}]}}