{"id":82572,"date":"2024-09-17T22:02:04","date_gmt":"2024-09-17T19:02:04","guid":{"rendered":"https:\/\/chisinaucentru.md\/?p=82572"},"modified":"2024-09-17T22:02:04","modified_gmt":"2024-09-17T19:02:04","slug":"a-fost-lansata-campania-de-salubrizare-curatenia-generala-de-toamna-in-municipiul-chisinau","status":"publish","type":"post","link":"https:\/\/chisinaucentru.md\/en\/a-fost-lansata-campania-de-salubrizare-curatenia-generala-de-toamna-in-municipiul-chisinau\/","title":{"rendered":"A fost lansat\u0103 campania de salubrizare \u201eCur\u0103\u021benia general\u0103 de toamn\u0103\u201d \u00een municipiul Chi\u0219in\u0103u"},"content":{"rendered":"<div class=\"vc_row wpb_row vc_row-fluid dt-default\" style=\"margin-top: 0px;margin-bottom: 0px\"><div class=\"wpb_column vc_column_container vc_col-sm-12\"><div class=\"vc_column-inner\"><div class=\"wpb_wrapper\">\n\t<div class=\"wpb_text_column wpb_content_element\" >\n\t\t<div class=\"wpb_wrapper\">\n\t\t\t<p><span style=\"color: #050505;\"><span style=\"font-family: Times New Roman, serif;\"><span style=\"font-size: large;\"><span lang=\"ro-RO\">\u00cen conformitate cu dispozi\u021bia Primarului General, Ion Ceban, nr. 391-d din 12.09.2024, \u00een perioada 16 septembrie \u201330 noiembrie 2024, \u00een capital\u0103 se desf\u0103\u0219oar\u0103 un amplu program de cur\u0103\u021benie general\u0103.<br \/>\n\u00cen aceast\u0103 perioad\u0103 \u00een sectorul Centru se vor intensifica activit\u0103\u021bile de salubrizare, cur\u0103\u021benie, amenajare \u0219i \u00eentre\u021binere a spa\u021biilor publice, prin antrenarea sporit\u0103 a \u00centreprinderilor Municipale de Gestionare a Fondului Locativ, a asocia\u021biilor de locatari c\u00e2t \u0219i tuturor serviciilor de resort la igienizarea parcurilor, scuarurilor, cur\u021bilor de bloc, spa\u021biilor de uz comun, acceselor pietonale, teritoriilor publice din sector. <\/span><\/span><\/span><\/span><\/p>\n<p><span style=\"color: #050505;\"><span style=\"font-family: Times New Roman, serif;\"><span style=\"font-size: large;\"><span lang=\"ro-RO\">Totodat\u0103, \u00eendemn\u0103m agen\u021bii economici, proprietarii de terenuri, conduc\u0103torii institu\u021biilor publice la mobilizare, responsabilitate \u0219i implicare \u00een procesul de salubrizare a spa\u021biilor adiacente imobilelor pe care le de\u0163in sau \u00ee\u015fi desf\u0103\u015foar\u0103 activitatea.<br \/>\n\u00cen scopul derul\u0103rii eficiente a campaniei de salubrizare de toamn\u0103 \u00een municipiul Chi\u0219in\u0103u, Pretura sectorului Centru \u00een baza unui plan de ac\u021biuni elaborat, va asigura:<\/span><\/span><\/span><\/span><\/p>\n<ul>\n<li><span style=\"color: #050505;\"><span style=\"font-family: Times New Roman, serif;\"><span style=\"font-size: large;\"><span lang=\"ro-RO\">organizarea zilelor de salubrizare cu implicarea voluntarilor;<\/span><\/span><\/span><\/span><\/li>\n<li><span style=\"color: #050505;\"><span style=\"font-family: Times New Roman, serif;\"><span style=\"font-size: large;\"><span lang=\"ro-RO\">asigurarea echipamentelor (saci, m\u0103nu\u0219i, tehnic\u0103, transport de evacuare a de\u0219eurilor), persoanelor implicate \u00een procesul de salubrizare;<\/span><\/span><\/span><\/span><\/li>\n<li><span style=\"color: #050505;\"><span style=\"font-family: Times New Roman, serif;\"><span style=\"font-size: large;\"><span lang=\"ro-RO\">salubrizarea, evacuarea de\u0219eurilor;<\/span><\/span><\/span><\/span><\/li>\n<li><span style=\"color: #050505;\"><span style=\"font-family: Times New Roman, serif;\"><span style=\"font-size: large;\"><span lang=\"ro-RO\">identificarea \u0219i lichidarea gunoi\u0219tilor improvizate neautorizate;<\/span><\/span><\/span><\/span><\/li>\n<li><span style=\"color: #050505;\"><span style=\"font-family: Times New Roman, serif;\"><span style=\"font-size: large;\"><span lang=\"ro-RO\">colectarea \u0219i ridicarea masei vegetale uscate;<\/span><\/span><\/span><\/span><\/li>\n<li><span style=\"color: #050505;\"><span style=\"font-family: Times New Roman, serif;\"><span style=\"font-size: large;\"><span lang=\"ro-RO\">igienizare str\u0103zilor, trotuarelor din sector;<\/span><\/span><\/span><\/span><\/li>\n<li><span style=\"color: #050505;\"><span style=\"font-family: Times New Roman, serif;\"><span style=\"font-size: large;\"><span lang=\"ro-RO\">aplicarea amenzilor conform articolului 181 din Cod Contraven\u021bional al RM \u00een caz de nerespectare a normelor sanitare;<\/span><\/span><\/span><\/span><\/li>\n<li><span style=\"color: #050505;\"><span style=\"font-family: Times New Roman, serif;\"><span style=\"font-size: large;\"><span lang=\"ro-RO\">informarea public\u0103 a ac\u021biunilor de salubrizare.<\/span><\/span><\/span><\/span><\/li>\n<\/ul>\n<p><span style=\"color: #050505;\"><span style=\"font-family: Times New Roman, serif;\"><span style=\"font-size: large;\"><span lang=\"ro-RO\">V\u0103 invit\u0103m s\u0103 v\u0103 al\u0103tura\u021bi ini\u021biativei de a participa la marea igienizare a sectorului Centru!<\/span><\/span><\/span><\/span><\/p>\n\n\t\t<\/div>\n\t<\/div>\n<\/div><\/div><\/div><\/div><div class=\"vc_row wpb_row vc_row-fluid dt-default\" style=\"margin-top: 0px;margin-bottom: 0px\"><div class=\"wpb_column vc_column_container vc_col-sm-12\"><div class=\"vc_column-inner\"><div class=\"wpb_wrapper\">\n\t<div  class=\"wpb_single_image wpb_content_element vc_align_left\">\n\t\t\n\t\t<figure class=\"wpb_wrapper vc_figure\">\n\t\t\t<div class=\"vc_single_image-wrapper   vc_box_border_grey\"><img width=\"1080\" height=\"1080\" src=\"https:\/\/chisinaucentru.md\/wp-content\/uploads\/2024\/09\/460400175_503543842420914_4548282450069700665_n.jpg\" class=\"vc_single_image-img attachment-full\" alt=\"\" loading=\"lazy\" title=\"460400175_503543842420914_4548282450069700665_n\" srcset=\"https:\/\/chisinaucentru.md\/wp-content\/uploads\/2024\/09\/460400175_503543842420914_4548282450069700665_n.jpg 1080w, https:\/\/chisinaucentru.md\/wp-content\/uploads\/2024\/09\/460400175_503543842420914_4548282450069700665_n-300x300.jpg 300w, https:\/\/chisinaucentru.md\/wp-content\/uploads\/2024\/09\/460400175_503543842420914_4548282450069700665_n-1024x1024.jpg 1024w, https:\/\/chisinaucentru.md\/wp-content\/uploads\/2024\/09\/460400175_503543842420914_4548282450069700665_n-150x150.jpg 150w, https:\/\/chisinaucentru.md\/wp-content\/uploads\/2024\/09\/460400175_503543842420914_4548282450069700665_n-768x768.jpg 768w, https:\/\/chisinaucentru.md\/wp-content\/uploads\/2024\/09\/460400175_503543842420914_4548282450069700665_n-12x12.jpg 12w\" sizes=\"(max-width: 1080px) 100vw, 1080px\"  data-dt-location=\"https:\/\/chisinaucentru.md\/en\/a-fost-lansata-campania-de-salubrizare-curatenia-generala-de-toamna-in-municipiul-chisinau\/460400175_503543842420914_4548282450069700665_n\/\" \/><\/div>\n\t\t<\/figure>\n\t<\/div>\n<\/div><\/div><\/div><\/div>","protected":false},"excerpt":{"rendered":"<p>\u00cen conformitate cu dispozi\u021bia Primarului General, Ion Ceban, nr. 391-d din 12.09.2024, \u00een perioada 16 septembrie \u201330 noiembrie 2024, \u00een capital\u0103 se desf\u0103\u0219oar\u0103 un amplu program de cur\u0103\u021benie general\u0103. \u00cen aceast\u0103 perioad\u0103 \u00een sectorul Centru se vor intensifica activit\u0103\u021bile de salubrizare, cur\u0103\u021benie, amenajare \u0219i \u00eentre\u021binere a spa\u021biilor publice, prin antrenarea sporit\u0103 a \u00centreprinderilor Municipale de&hellip;<\/p>","protected":false},"author":1,"featured_media":82574,"comment_status":"open","ping_status":"open","sticky":false,"template":"","format":"standard","meta":[],"categories":[244],"tags":[],"acf":[],"_links":{"self":[{"href":"https:\/\/chisinaucentru.md\/en\/wp-json\/wp\/v2\/posts\/82572"}],"collection":[{"href":"https:\/\/chisinaucentru.md\/en\/wp-json\/wp\/v2\/posts"}],"about":[{"href":"https:\/\/chisinaucentru.md\/en\/wp-json\/wp\/v2\/types\/post"}],"author":[{"embeddable":true,"href":"https:\/\/chisinaucentru.md\/en\/wp-json\/wp\/v2\/users\/1"}],"replies":[{"embeddable":true,"href":"https:\/\/chisinaucentru.md\/en\/wp-json\/wp\/v2\/comments?post=82572"}],"version-history":[{"count":2,"href":"https:\/\/chisinaucentru.md\/en\/wp-json\/wp\/v2\/posts\/82572\/revisions"}],"predecessor-version":[{"id":82575,"href":"https:\/\/chisinaucentru.md\/en\/wp-json\/wp\/v2\/posts\/82572\/revisions\/82575"}],"wp:featuredmedia":[{"embeddable":true,"href":"https:\/\/chisinaucentru.md\/en\/wp-json\/wp\/v2\/media\/82574"}],"wp:attachment":[{"href":"https:\/\/chisinaucentru.md\/en\/wp-json\/wp\/v2\/media?parent=82572"}],"wp:term":[{"taxonomy":"category","embeddable":true,"href":"https:\/\/chisinaucentru.md\/en\/wp-json\/wp\/v2\/categories?post=82572"},{"taxonomy":"post_tag","embeddable":true,"href":"https:\/\/chisinaucentru.md\/en\/wp-json\/wp\/v2\/tags?post=82572"}],"curies":[{"name":"wp","href":"https:\/\/api.w.org\/{rel}","templated":true}]}}