{"id":82452,"date":"2024-09-13T10:20:18","date_gmt":"2024-09-13T07:20:18","guid":{"rendered":"https:\/\/chisinaucentru.md\/?p=82452"},"modified":"2024-09-13T17:53:39","modified_gmt":"2024-09-13T14:53:39","slug":"sedinta-comisiei-sanitare-din-13-septembrie-2024","status":"publish","type":"post","link":"https:\/\/chisinaucentru.md\/en\/sedinta-comisiei-sanitare-din-13-septembrie-2024\/","title":{"rendered":"\u0218edin\u021ba comisiei sanitare din 13 septembrie 2024"},"content":{"rendered":"<div class=\"vc_row wpb_row vc_row-fluid dt-default\" style=\"margin-top: 0px;margin-bottom: 0px\"><div class=\"wpb_column vc_column_container vc_col-sm-12\"><div class=\"vc_column-inner\"><div class=\"wpb_wrapper\">\n\t<div class=\"wpb_text_column wpb_content_element\" >\n\t\t<div class=\"wpb_wrapper\">\n\t\t\t<p><span style=\"color: #050505;\"><span style=\"font-family: Times New Roman, serif;\"><span style=\"font-size: large;\"><span lang=\"ro-RO\">Tradi\u021bional, \u00een fiecare zi de vineri, se \u00eentrune\u0219te \u00een \u0219edin\u021b\u0103 Comisia sanitar\u0103 din cadrul Preturii sectorului Centru, componen\u021ba c\u0103reia este format\u0103 din administratorii serviciilor municipale de sector, gestionari ai fondului locativ \u0219i Sec\u021bia locativ-comunal\u0103 a Preturii.<\/span><\/span><\/span><\/span><\/p>\n<p><span style=\"color: #050505;\"><span style=\"font-family: Times New Roman, serif;\"><span style=\"font-size: large;\"><span lang=\"ro-RO\">\u00cen cadrul \u0219edin\u021bei, prezidat\u0103 de Vicepretor, Sergiu Andrian, au fost puse \u00een discu\u021bie chestiuni din domeniul edilitar, starea sanitaro-igienic\u0103 din sector, raportarea activit\u0103\u021bilor desf\u0103\u0219urate pe parcursul s\u0103pt\u0103m\u00e2nii, c\u00e2t \u0219i discutarea planului de activit\u0103\u021bi pentru perioada urm\u0103toare. <\/span><\/span><\/span><\/span><\/p>\n<p><span style=\"color: #050505;\"><span style=\"font-family: Times New Roman, serif;\"><span style=\"font-size: large;\"><span lang=\"ro-RO\">Totodat\u0103, s-a adus la cuno\u0219tin\u021b\u0103 dispozi\u021bia Pretorului sectorului Centru nr. 69-d cu privire la aprobarea Programului calendaristic de ac\u021biuni pentru organizarea \u0219i desf\u0103\u0219urarea alegerilor din 20 octombrie, membrii comisiei pentru alegeri fiind \u0219i managerii fondului locativ.<\/span><\/span><\/span><\/span><\/p>\n\n\t\t<\/div>\n\t<\/div>\n\n<div class=\"vc_grid-container-wrapper vc_clearfix vc_grid-animation-fadeIn\">\n\t<div class=\"vc_grid-container vc_clearfix wpb_content_element vc_media_grid\" data-initial-loading-animation=\"fadeIn\" data-vc-grid-settings=\"{&quot;page_id&quot;:82452,&quot;style&quot;:&quot;all&quot;,&quot;action&quot;:&quot;vc_get_vc_grid_data&quot;,&quot;shortcode_id&quot;:&quot;1726239074173-a9125282-c96f-4&quot;,&quot;tag&quot;:&quot;vc_media_grid&quot;}\" data-vc-request=\"https:\/\/chisinaucentru.md\/wp-admin\/admin-ajax.php\" data-vc-post-id=\"82452\" data-vc-public-nonce=\"39ce34e9ee\">\n\t\t\n\t<\/div>\n<\/div><\/div><\/div><\/div><\/div>","protected":false},"excerpt":{"rendered":"<p>Tradi\u021bional, \u00een fiecare zi de vineri, se \u00eentrune\u0219te \u00een \u0219edin\u021b\u0103 Comisia sanitar\u0103 din cadrul Preturii sectorului Centru, componen\u021ba c\u0103reia este format\u0103 din administratorii serviciilor municipale de sector, gestionari ai fondului locativ \u0219i Sec\u021bia locativ-comunal\u0103 a Preturii. \u00cen cadrul \u0219edin\u021bei, prezidat\u0103 de Vicepretor, Sergiu Andrian, au fost puse \u00een discu\u021bie chestiuni din domeniul edilitar, starea sanitaro-igienic\u0103&hellip;<\/p>","protected":false},"author":1,"featured_media":82455,"comment_status":"open","ping_status":"open","sticky":false,"template":"","format":"standard","meta":[],"categories":[244],"tags":[],"acf":[],"_links":{"self":[{"href":"https:\/\/chisinaucentru.md\/en\/wp-json\/wp\/v2\/posts\/82452"}],"collection":[{"href":"https:\/\/chisinaucentru.md\/en\/wp-json\/wp\/v2\/posts"}],"about":[{"href":"https:\/\/chisinaucentru.md\/en\/wp-json\/wp\/v2\/types\/post"}],"author":[{"embeddable":true,"href":"https:\/\/chisinaucentru.md\/en\/wp-json\/wp\/v2\/users\/1"}],"replies":[{"embeddable":true,"href":"https:\/\/chisinaucentru.md\/en\/wp-json\/wp\/v2\/comments?post=82452"}],"version-history":[{"count":3,"href":"https:\/\/chisinaucentru.md\/en\/wp-json\/wp\/v2\/posts\/82452\/revisions"}],"predecessor-version":[{"id":82477,"href":"https:\/\/chisinaucentru.md\/en\/wp-json\/wp\/v2\/posts\/82452\/revisions\/82477"}],"wp:featuredmedia":[{"embeddable":true,"href":"https:\/\/chisinaucentru.md\/en\/wp-json\/wp\/v2\/media\/82455"}],"wp:attachment":[{"href":"https:\/\/chisinaucentru.md\/en\/wp-json\/wp\/v2\/media?parent=82452"}],"wp:term":[{"taxonomy":"category","embeddable":true,"href":"https:\/\/chisinaucentru.md\/en\/wp-json\/wp\/v2\/categories?post=82452"},{"taxonomy":"post_tag","embeddable":true,"href":"https:\/\/chisinaucentru.md\/en\/wp-json\/wp\/v2\/tags?post=82452"}],"curies":[{"name":"wp","href":"https:\/\/api.w.org\/{rel}","templated":true}]}}