{"id":82155,"date":"2024-09-06T10:00:14","date_gmt":"2024-09-06T07:00:14","guid":{"rendered":"https:\/\/chisinaucentru.md\/?p=82155"},"modified":"2024-09-09T09:55:11","modified_gmt":"2024-09-09T06:55:11","slug":"avanseaza-lucrarile-de-reabilitare-a-trotuarelor-din-strada-mihai-eminescu","status":"publish","type":"post","link":"https:\/\/chisinaucentru.md\/en\/avanseaza-lucrarile-de-reabilitare-a-trotuarelor-din-strada-mihai-eminescu\/","title":{"rendered":"Avanseaz\u0103 lucr\u0103rile de reabilitare a trotuarelor din strada Mihai Eminescu"},"content":{"rendered":"<div class=\"vc_row wpb_row vc_row-fluid dt-default\" style=\"margin-top: 0px;margin-bottom: 0px\"><div class=\"wpb_column vc_column_container vc_col-sm-12\"><div class=\"vc_column-inner\"><div class=\"wpb_wrapper\">\n\t<div class=\"wpb_text_column wpb_content_element\" >\n\t\t<div class=\"wpb_wrapper\">\n\t\t\t<p align=\"justify\"><span style=\"color: #050505;\"><span style=\"font-family: Times New Roman, serif;\"><span style=\"font-size: large;\">Pentru a evalua mersul proiectului de execu\u021bie privind amenajarea acceselor pietonale \u00een centrul istoric, ast\u0103zi, la 6 septembrie, comisia Prim\u0103riei Chi\u0219in\u0103u \u00een componen\u021ba Pretorului sectorului Centru, Vadim H\u00eencu, a Viceprimarului capitalei, Ilie Ceban, \u0218efului DGMU, Vitalie Mihalache \u0219i agentul economic care \u00eendepline\u0219te lucr\u0103rile, a efectuat o vizit\u0103 de monitorizare \u0219i inspectare la strada Mihai Eminescu.<\/span><\/span><\/span><\/p>\n<p align=\"justify\"><span style=\"color: #050505;\"><span style=\"font-family: Times New Roman, serif;\"><span style=\"font-size: large;\">Responsabilii au examinat la fa\u021ba locului specifica\u021biile tehnice, necesit\u0103\u021bile iscate, sarcinile prioritare \u0219i termenii de realizare.<\/span><\/span><\/span><\/p>\n<p align=\"justify\"><span style=\"color: #050505;\"><span style=\"font-family: Times New Roman, serif;\"><span style=\"font-size: large;\">Mai multe por\u021biuni de trotuar deja sunt amenajate cu pavaj nou, concomitent se creeaz\u0103 \u0219i locuri de parcare, ulterior se va interveni cu aranjamente decorative \u0219i la spa\u021biul verde de la \u00eentreg aliniamentul str\u0103zii Mihai Eminescu.<\/span><\/span><\/span><\/p>\n<p>\u00a0<\/p>\n\n\t\t<\/div>\n\t<\/div>\n\n<div class=\"vc_grid-container-wrapper vc_clearfix vc_grid-animation-fadeIn\">\n\t<div class=\"vc_grid-container vc_clearfix wpb_content_element vc_media_grid\" data-initial-loading-animation=\"fadeIn\" data-vc-grid-settings=\"{&quot;page_id&quot;:82155,&quot;style&quot;:&quot;all&quot;,&quot;action&quot;:&quot;vc_get_vc_grid_data&quot;,&quot;shortcode_id&quot;:&quot;1725864848656-2c1e51a2-82e2-3&quot;,&quot;tag&quot;:&quot;vc_media_grid&quot;}\" data-vc-request=\"https:\/\/chisinaucentru.md\/wp-admin\/admin-ajax.php\" data-vc-post-id=\"82155\" data-vc-public-nonce=\"39ce34e9ee\">\n\t\t\n\t<\/div>\n<\/div><\/div><\/div><\/div><\/div>","protected":false},"excerpt":{"rendered":"<p>Pentru a evalua mersul proiectului de execu\u021bie privind amenajarea acceselor pietonale \u00een centrul istoric, ast\u0103zi, la 6 septembrie, comisia Prim\u0103riei Chi\u0219in\u0103u \u00een componen\u021ba Pretorului sectorului Centru, Vadim H\u00eencu, a Viceprimarului capitalei, Ilie Ceban, \u0218efului DGMU, Vitalie Mihalache \u0219i agentul economic care \u00eendepline\u0219te lucr\u0103rile, a efectuat o vizit\u0103 de monitorizare \u0219i inspectare la strada Mihai Eminescu.&hellip;<\/p>","protected":false},"author":1,"featured_media":82160,"comment_status":"open","ping_status":"open","sticky":false,"template":"","format":"standard","meta":[],"categories":[244],"tags":[],"acf":[],"_links":{"self":[{"href":"https:\/\/chisinaucentru.md\/en\/wp-json\/wp\/v2\/posts\/82155"}],"collection":[{"href":"https:\/\/chisinaucentru.md\/en\/wp-json\/wp\/v2\/posts"}],"about":[{"href":"https:\/\/chisinaucentru.md\/en\/wp-json\/wp\/v2\/types\/post"}],"author":[{"embeddable":true,"href":"https:\/\/chisinaucentru.md\/en\/wp-json\/wp\/v2\/users\/1"}],"replies":[{"embeddable":true,"href":"https:\/\/chisinaucentru.md\/en\/wp-json\/wp\/v2\/comments?post=82155"}],"version-history":[{"count":3,"href":"https:\/\/chisinaucentru.md\/en\/wp-json\/wp\/v2\/posts\/82155\/revisions"}],"predecessor-version":[{"id":82167,"href":"https:\/\/chisinaucentru.md\/en\/wp-json\/wp\/v2\/posts\/82155\/revisions\/82167"}],"wp:featuredmedia":[{"embeddable":true,"href":"https:\/\/chisinaucentru.md\/en\/wp-json\/wp\/v2\/media\/82160"}],"wp:attachment":[{"href":"https:\/\/chisinaucentru.md\/en\/wp-json\/wp\/v2\/media?parent=82155"}],"wp:term":[{"taxonomy":"category","embeddable":true,"href":"https:\/\/chisinaucentru.md\/en\/wp-json\/wp\/v2\/categories?post=82155"},{"taxonomy":"post_tag","embeddable":true,"href":"https:\/\/chisinaucentru.md\/en\/wp-json\/wp\/v2\/tags?post=82155"}],"curies":[{"name":"wp","href":"https:\/\/api.w.org\/{rel}","templated":true}]}}