{"id":81979,"date":"2024-08-31T10:00:47","date_gmt":"2024-08-31T07:00:47","guid":{"rendered":"https:\/\/chisinaucentru.md\/?p=81979"},"modified":"2024-09-03T17:06:00","modified_gmt":"2024-09-03T14:06:00","slug":"sarbatorim-astazi-ziua-limbii-romane-un-simbol-al-identitatii-si-unitatii-noastre","status":"publish","type":"post","link":"https:\/\/chisinaucentru.md\/en\/sarbatorim-astazi-ziua-limbii-romane-un-simbol-al-identitatii-si-unitatii-noastre\/","title":{"rendered":"S\u0103rb\u0103torim ast\u0103zi Ziua Limbii Rom\u00e2ne, un simbol al identit\u0103\u021bii \u0219i unit\u0103\u021bii noastre."},"content":{"rendered":"<div class=\"vc_row wpb_row vc_row-fluid dt-default\" style=\"margin-top: 0px;margin-bottom: 0px\"><div class=\"wpb_column vc_column_container vc_col-sm-12\"><div class=\"vc_column-inner\"><div class=\"wpb_wrapper\">\n\t<div class=\"wpb_text_column wpb_content_element\" >\n\t\t<div class=\"wpb_wrapper\">\n\t\t\t<p class=\"western\" align=\"justify\"><span style=\"font-family: Times New Roman, serif;\"><span style=\"font-size: large;\">S\u0103 omagieze semnifica\u021bia zilei a venit Pretorul sectorului Centru, Vadim H\u00eencu, al\u0103turi de conducerea Prim\u0103riei municipiului Chi\u0219in\u0103u la monumentul lui Mihai Eminescu din scuarul ce-i poart\u0103 numele \u0219i la bustul poetului de pe Aleea Clasicilor Literaturii Rom\u00e2ne.<\/span><\/span><\/p>\n<p class=\"western\" align=\"justify\"><span style=\"font-family: Times New Roman, serif;\"><span style=\"font-size: large;\">Evocarea momentelor de respect \u0219i pietate pentru marele poet al neamului, care a \u00eembog\u0103\u021bit graiul prin testament literar, a fost \u00eencununat\u0103 de depunere de flori.<\/span><\/span><\/p>\n<p class=\"western\" align=\"justify\"><span style=\"font-family: Times New Roman, serif;\"><span style=\"font-size: large;\">Limba rom\u00e2n\u0103 este dovada originii noastre.<\/span><\/span><\/p>\n<p class=\"western\" align=\"justify\"><span style=\"font-family: Times New Roman, serif;\"><span style=\"font-size: large;\">Limba rom\u00e2n\u0103 este cea \u00een care vis\u0103m, ne rug\u0103m \u0219i ne \u00eendr\u0103gostim. <\/span><\/span><\/p>\n<p class=\"western\" align=\"justify\"><span style=\"font-family: Times New Roman, serif;\"><span style=\"font-size: large;\">Limba rom\u00e2n\u0103 este cea \u00een care ne alint\u0103 mama \u0219i ne \u00eencurajeaz\u0103 tata. <\/span><\/span><\/p>\n<p class=\"western\" align=\"justify\"><span style=\"font-family: Times New Roman, serif;\"><span style=\"font-size: large;\">Limba rom\u00e2n\u0103 e standardul libert\u0103\u021bii noastre. <\/span><\/span><\/p>\n<p class=\"western\" align=\"justify\"><span style=\"font-family: Times New Roman, serif;\"><span style=\"font-size: large;\">La mul\u021bi ani Limbii Rom\u00e2ne!<\/span><\/span><\/p>\n\n\t\t<\/div>\n\t<\/div>\n\n<div class=\"vc_grid-container-wrapper vc_clearfix vc_grid-animation-fadeIn\">\n\t<div class=\"vc_grid-container vc_clearfix wpb_content_element vc_media_grid\" data-initial-loading-animation=\"fadeIn\" data-vc-grid-settings=\"{&quot;page_id&quot;:81979,&quot;style&quot;:&quot;all&quot;,&quot;action&quot;:&quot;vc_get_vc_grid_data&quot;,&quot;shortcode_id&quot;:&quot;1725372323414-43976cc5-190e-3&quot;,&quot;tag&quot;:&quot;vc_media_grid&quot;}\" data-vc-request=\"https:\/\/chisinaucentru.md\/wp-admin\/admin-ajax.php\" data-vc-post-id=\"81979\" data-vc-public-nonce=\"39ce34e9ee\">\n\t\t\n\t<\/div>\n<\/div><\/div><\/div><\/div><\/div>","protected":false},"excerpt":{"rendered":"<p>S\u0103 omagieze semnifica\u021bia zilei a venit Pretorul sectorului Centru, Vadim H\u00eencu, al\u0103turi de conducerea Prim\u0103riei municipiului Chi\u0219in\u0103u la monumentul lui Mihai Eminescu din scuarul ce-i poart\u0103 numele \u0219i la bustul poetului de pe Aleea Clasicilor Literaturii Rom\u00e2ne. Evocarea momentelor de respect \u0219i pietate pentru marele poet al neamului, care a \u00eembog\u0103\u021bit graiul prin testament literar,&hellip;<\/p>","protected":false},"author":1,"featured_media":81981,"comment_status":"open","ping_status":"open","sticky":false,"template":"","format":"standard","meta":[],"categories":[244],"tags":[],"acf":[],"_links":{"self":[{"href":"https:\/\/chisinaucentru.md\/en\/wp-json\/wp\/v2\/posts\/81979"}],"collection":[{"href":"https:\/\/chisinaucentru.md\/en\/wp-json\/wp\/v2\/posts"}],"about":[{"href":"https:\/\/chisinaucentru.md\/en\/wp-json\/wp\/v2\/types\/post"}],"author":[{"embeddable":true,"href":"https:\/\/chisinaucentru.md\/en\/wp-json\/wp\/v2\/users\/1"}],"replies":[{"embeddable":true,"href":"https:\/\/chisinaucentru.md\/en\/wp-json\/wp\/v2\/comments?post=81979"}],"version-history":[{"count":3,"href":"https:\/\/chisinaucentru.md\/en\/wp-json\/wp\/v2\/posts\/81979\/revisions"}],"predecessor-version":[{"id":81990,"href":"https:\/\/chisinaucentru.md\/en\/wp-json\/wp\/v2\/posts\/81979\/revisions\/81990"}],"wp:featuredmedia":[{"embeddable":true,"href":"https:\/\/chisinaucentru.md\/en\/wp-json\/wp\/v2\/media\/81981"}],"wp:attachment":[{"href":"https:\/\/chisinaucentru.md\/en\/wp-json\/wp\/v2\/media?parent=81979"}],"wp:term":[{"taxonomy":"category","embeddable":true,"href":"https:\/\/chisinaucentru.md\/en\/wp-json\/wp\/v2\/categories?post=81979"},{"taxonomy":"post_tag","embeddable":true,"href":"https:\/\/chisinaucentru.md\/en\/wp-json\/wp\/v2\/tags?post=81979"}],"curies":[{"name":"wp","href":"https:\/\/api.w.org\/{rel}","templated":true}]}}